{"id":857,"date":"2010-12-02T14:43:11","date_gmt":"2010-12-02T14:43:11","guid":{"rendered":"http:\/\/acoeurparcoeur.com\/?p=857"},"modified":"2010-12-02T14:43:11","modified_gmt":"2010-12-02T14:43:11","slug":"les-capitales-regionales-francaises","status":"publish","type":"post","link":"https:\/\/acoeurparcoeur.com\/?p=857","title":{"rendered":"Les capitales r\u00e9gionales fran\u00e7aises ?"},"content":{"rendered":"<p>Alsace (<strong>Strasbourg<\/strong>)<br \/>\nAquitaine (<strong>Bordeaux<\/strong>)<br \/>\nAuvergne (<strong>Clermont-Ferrand<\/strong>)<br \/>\nBourgogne (<strong>Dijon<\/strong>)<br \/>\nBretagne (<strong>Rennes<\/strong>)<br \/>\nCentre (<strong>Orl\u00e9ans<\/strong>)<br \/>\nChampagne-Ardennes (<strong>Ch\u00e2lons-en-Champagne<\/strong>)<br \/>\nCorse (<strong>Ajaccio<\/strong>)<br \/>\nFranche-Comt\u00e9 (<strong>Besan\u00e7on<\/strong>)<br \/>\nIle de France (<strong>Paris<\/strong>)<br \/>\nLanguedoc-Roussillon (<strong>Montpellier<\/strong>)<br \/>\nLimousin (<strong>Limoges<\/strong>)<br \/>\nLorraine (<strong>Metz<\/strong>)<br \/>\nMidi-Pyr\u00e9n\u00e9es (<strong>Toulouse<\/strong>)<br \/>\nNord-Pas-de-Calais (<strong>Lille<\/strong>)<br \/>\nBasse-Normandie (<strong>Caen<\/strong>)<br \/>\nHaute-Normandie (<strong>Rouen<\/strong>)<br \/>\nPays de La Loire (<strong>Nantes<\/strong>)<br \/>\nPicardie (<strong>Amiens<\/strong>)<br \/>\nPoitou-Charentes (<strong>Poitiers<\/strong>)<br \/>\nProvence-Alpes-C\u00f4te d\u2019Azur (<strong>Marseille<\/strong>)<br \/>\nRh\u00f4ne-Alpes (<strong>Lyon<\/strong>)<\/p>\n","protected":false},"excerpt":{"rendered":"<p>Alsace ? Aquitaine ? Auvergne ? Basse-Normandie ? Bourgogne ? Bretagne ? Centre ? Champagne-Ardenne ? Corse ? Franche-Comt\u00e9 ? Guadeloupe ? Guyane ? Haute-Normandie ? \u00cele-de-France ? La R\u00e9union ? Languedoc-Roussillon ? Limousin ? Lorraine ? Martinique ? Midi-Pyr\u00e9n\u00e9es ? Nord-Pas-de-Calais ? Pays de la Loire ? Picardie ? Poitou-Charentes ? Provence-Alpes-C\u00f4te d&rsquo;Azur ? Rh\u00f4ne-Alpes ?<\/p>\n","protected":false},"author":1,"featured_media":858,"comment_status":"open","ping_status":"open","sticky":false,"template":"","format":"standard","meta":{"footnotes":""},"categories":[7],"tags":[544,545,546,547,548,549,550,551,552,50,553,554,555,556,557,558,559,560,561,562,563,564,565,566],"class_list":["post-857","post","type-post","status-publish","format-standard","has-post-thumbnail","hentry","category-geographie","tag-alsace","tag-aquitaine","tag-auvergne","tag-basse-normandie","tag-bourgogne","tag-bretagne","tag-centre","tag-champagne-ardennes","tag-corse","tag-france","tag-franche-comte","tag-haute-normandie","tag-ile-de-france","tag-languedoc-roussillon","tag-limousin","tag-lorraine","tag-midi-pyrenees","tag-nord-pas-de-calais","tag-pays-de-la-loire","tag-picardie","tag-poitou-charentes","tag-provence-alpes-cote-dazur","tag-regions-francaises","tag-rhone-alpes","has-thumbnail"],"_links":{"self":[{"href":"https:\/\/acoeurparcoeur.com\/index.php?rest_route=\/wp\/v2\/posts\/857","targetHints":{"allow":["GET"]}}],"collection":[{"href":"https:\/\/acoeurparcoeur.com\/index.php?rest_route=\/wp\/v2\/posts"}],"about":[{"href":"https:\/\/acoeurparcoeur.com\/index.php?rest_route=\/wp\/v2\/types\/post"}],"author":[{"embeddable":true,"href":"https:\/\/acoeurparcoeur.com\/index.php?rest_route=\/wp\/v2\/users\/1"}],"replies":[{"embeddable":true,"href":"https:\/\/acoeurparcoeur.com\/index.php?rest_route=%2Fwp%2Fv2%2Fcomments&post=857"}],"version-history":[{"count":0,"href":"https:\/\/acoeurparcoeur.com\/index.php?rest_route=\/wp\/v2\/posts\/857\/revisions"}],"wp:featuredmedia":[{"embeddable":true,"href":"https:\/\/acoeurparcoeur.com\/index.php?rest_route=\/wp\/v2\/media\/858"}],"wp:attachment":[{"href":"https:\/\/acoeurparcoeur.com\/index.php?rest_route=%2Fwp%2Fv2%2Fmedia&parent=857"}],"wp:term":[{"taxonomy":"category","embeddable":true,"href":"https:\/\/acoeurparcoeur.com\/index.php?rest_route=%2Fwp%2Fv2%2Fcategories&post=857"},{"taxonomy":"post_tag","embeddable":true,"href":"https:\/\/acoeurparcoeur.com\/index.php?rest_route=%2Fwp%2Fv2%2Ftags&post=857"}],"curies":[{"name":"wp","href":"https:\/\/api.w.org\/{rel}","templated":true}]}}