{"id":421,"date":"2010-11-29T17:39:02","date_gmt":"2010-11-29T17:39:02","guid":{"rendered":"http:\/\/acoeurparcoeur.com\/?p=421"},"modified":"2010-11-29T17:39:02","modified_gmt":"2010-11-29T17:39:02","slug":"la-transfiguration","status":"publish","type":"post","link":"https:\/\/acoeurparcoeur.com\/?p=421","title":{"rendered":"La Transfiguration ?"},"content":{"rendered":"<p>Qui ? <strong>Rapha\u00ebl<\/strong>.<br \/>\nQuand ? <strong>1520<\/strong>.<br \/>\nO\u00f9 ? <strong>Mus\u00e9es du Vatican (Pinacoth\u00e8que)<\/strong>.<\/p>\n","protected":false},"excerpt":{"rendered":"<p>Le peintre ? Le si\u00e8cle ? Dans quel mus\u00e9e ?<\/p>\n","protected":false},"author":1,"featured_media":422,"comment_status":"open","ping_status":"open","sticky":false,"template":"","format":"standard","meta":{"footnotes":""},"categories":[60],"tags":[267,268,269,270,26],"class_list":["post-421","post","type-post","status-publish","format-standard","has-post-thumbnail","hentry","category-peinture","tag-267","tag-la-transfiguration","tag-musees-du-vatican","tag-raphael","tag-xvie-siecle","has-thumbnail"],"_links":{"self":[{"href":"https:\/\/acoeurparcoeur.com\/index.php?rest_route=\/wp\/v2\/posts\/421","targetHints":{"allow":["GET"]}}],"collection":[{"href":"https:\/\/acoeurparcoeur.com\/index.php?rest_route=\/wp\/v2\/posts"}],"about":[{"href":"https:\/\/acoeurparcoeur.com\/index.php?rest_route=\/wp\/v2\/types\/post"}],"author":[{"embeddable":true,"href":"https:\/\/acoeurparcoeur.com\/index.php?rest_route=\/wp\/v2\/users\/1"}],"replies":[{"embeddable":true,"href":"https:\/\/acoeurparcoeur.com\/index.php?rest_route=%2Fwp%2Fv2%2Fcomments&post=421"}],"version-history":[{"count":0,"href":"https:\/\/acoeurparcoeur.com\/index.php?rest_route=\/wp\/v2\/posts\/421\/revisions"}],"wp:featuredmedia":[{"embeddable":true,"href":"https:\/\/acoeurparcoeur.com\/index.php?rest_route=\/wp\/v2\/media\/422"}],"wp:attachment":[{"href":"https:\/\/acoeurparcoeur.com\/index.php?rest_route=%2Fwp%2Fv2%2Fmedia&parent=421"}],"wp:term":[{"taxonomy":"category","embeddable":true,"href":"https:\/\/acoeurparcoeur.com\/index.php?rest_route=%2Fwp%2Fv2%2Fcategories&post=421"},{"taxonomy":"post_tag","embeddable":true,"href":"https:\/\/acoeurparcoeur.com\/index.php?rest_route=%2Fwp%2Fv2%2Ftags&post=421"}],"curies":[{"name":"wp","href":"https:\/\/api.w.org\/{rel}","templated":true}]}}