{"id":3489,"date":"2017-02-25T11:13:44","date_gmt":"2017-02-25T11:13:44","guid":{"rendered":"http:\/\/acoeurparcoeur.com\/?p=3489"},"modified":"2017-02-25T11:13:44","modified_gmt":"2017-02-25T11:13:44","slug":"les-7-films-les-plus-celebres-de-marcel-carne","status":"publish","type":"post","link":"https:\/\/acoeurparcoeur.com\/?p=3489","title":{"rendered":"Les 7 films les plus c\u00e9l\u00e8bres de Marcel Carn\u00e9 ?"},"content":{"rendered":"<ul>\n<li>1937: <strong>Dr\u00f4le de drame<\/strong>, avec Michel Simon, Louis Jouvet, Fran\u00e7oise Rosay, Jean-Louis Barrault.<\/li>\n<li>1938: <strong>Le Quai des brumes<\/strong>, avec Jean Gabin, Michel Simon, Mich\u00e8le Morgan, Pierre Brasseur<\/li>\n<li>1938: <strong>H\u00f4tel du Nord<\/strong>, avec Annabella, Arletty, Louis Jouvet, Jean-Pierre Aumont<\/li>\n<li>1939: <strong>Le jour se l\u00e8ve<\/strong>, avec Jean Gabin et Arletty<\/li>\n<li>1942: <strong>Les Visiteurs du soir<\/strong>, avec Arletty et Jules Berry<\/li>\n<li>1945: <strong>Les Enfants du paradis<\/strong>, avec Arletty, Jean-Louis Barrault, Maria Casar\u00e8s, Pierre Brasseur<\/li>\n<li>1951: <strong>Juliette ou la cl\u00e9 des songes<\/strong> avec Suzanne Cloutier et G\u00e9rard Philipe<\/li>\n<\/ul>\n<p><iframe loading=\"lazy\" width=\"560\" height=\"315\" src=\"https:\/\/www.youtube.com\/embed\/G1Nz-U9znnY\" frameborder=\"0\" allowfullscreen><\/iframe><\/p>\n","protected":false},"excerpt":{"rendered":"<p>4 films avec Arletty ? 2 avec Louis Jouvet ? 2 avec Michel Simon ? 2 avec Jean Gabin ? 2 avec Jean-Louis Barrault ? 1 avec G\u00e9rard Philipe ? 1 avec Mich\u00e8le Morgan ? 1 avec Maris Casar\u00e8s ?<\/p>\n","protected":false},"author":1,"featured_media":3490,"comment_status":"closed","ping_status":"open","sticky":false,"template":"","format":"standard","meta":{"footnotes":""},"categories":[36,19],"tags":[1519,1507,1528,1520,1945,1522,1946,1947,1948],"class_list":["post-3489","post","type-post","status-publish","format-standard","has-post-thumbnail","hentry","category-cinema","category-selection","tag-arletty","tag-gerard-philipe","tag-jean-gabin","tag-jean-louis-barrault","tag-louis-jouvet","tag-marcel-carne","tag-maris-casares","tag-michel-simon","tag-michele-morgan","has-thumbnail"],"_links":{"self":[{"href":"https:\/\/acoeurparcoeur.com\/index.php?rest_route=\/wp\/v2\/posts\/3489","targetHints":{"allow":["GET"]}}],"collection":[{"href":"https:\/\/acoeurparcoeur.com\/index.php?rest_route=\/wp\/v2\/posts"}],"about":[{"href":"https:\/\/acoeurparcoeur.com\/index.php?rest_route=\/wp\/v2\/types\/post"}],"author":[{"embeddable":true,"href":"https:\/\/acoeurparcoeur.com\/index.php?rest_route=\/wp\/v2\/users\/1"}],"replies":[{"embeddable":true,"href":"https:\/\/acoeurparcoeur.com\/index.php?rest_route=%2Fwp%2Fv2%2Fcomments&post=3489"}],"version-history":[{"count":0,"href":"https:\/\/acoeurparcoeur.com\/index.php?rest_route=\/wp\/v2\/posts\/3489\/revisions"}],"wp:featuredmedia":[{"embeddable":true,"href":"https:\/\/acoeurparcoeur.com\/index.php?rest_route=\/wp\/v2\/media\/3490"}],"wp:attachment":[{"href":"https:\/\/acoeurparcoeur.com\/index.php?rest_route=%2Fwp%2Fv2%2Fmedia&parent=3489"}],"wp:term":[{"taxonomy":"category","embeddable":true,"href":"https:\/\/acoeurparcoeur.com\/index.php?rest_route=%2Fwp%2Fv2%2Fcategories&post=3489"},{"taxonomy":"post_tag","embeddable":true,"href":"https:\/\/acoeurparcoeur.com\/index.php?rest_route=%2Fwp%2Fv2%2Ftags&post=3489"}],"curies":[{"name":"wp","href":"https:\/\/api.w.org\/{rel}","templated":true}]}}