{"id":3413,"date":"2016-10-28T20:37:43","date_gmt":"2016-10-28T20:37:43","guid":{"rendered":"http:\/\/acoeurparcoeur.com\/?p=3413"},"modified":"2016-10-28T20:37:43","modified_gmt":"2016-10-28T20:37:43","slug":"une-petite-histoire-du-second-empire","status":"publish","type":"post","link":"https:\/\/acoeurparcoeur.com\/?p=3413","title":{"rendered":"Une petite histoire du Second Empire ?"},"content":{"rendered":"<p>L&rsquo;instauration ? le <strong>2 d\u00e9cembre 1852<\/strong>, apr\u00e8s pl\u00e9biscite.<br \/>\nLe r\u00e9gime politique ? <strong>monarchie constitutionnelle<\/strong>.<br \/>\nL&#8217;empereur Napol\u00e9on III ? <strong>Louis-Napol\u00e9on Bonaparte<\/strong>.<br \/>\nL&rsquo;imp\u00e9ratrice ? <strong>Eug\u00e9nie de Montijo<\/strong>.<br \/>\nLa p\u00e9riode autoritaire ? de <strong>1852<\/strong> \u00e0 <strong>1860<\/strong>.<br \/>\nLa p\u00e9riode lib\u00e9rale ? de <strong>1860<\/strong> \u00e0 <strong>1870<\/strong>.<br \/>\nL&rsquo;hymne national ? <strong>Partant pour la Syrie<\/strong>.<br \/>\nLa guerre de Crim\u00e9e ? victoire de <strong>Malakoff<\/strong> (1855).<br \/>\nLa campagne d&rsquo;Italie ? victoire de <strong>Solf\u00e9rino<\/strong> (1859).<br \/>\nLa transformation de Paris ? par le <strong>baron Haussmann<\/strong>.<br \/>\nLa r\u00e9novation des \u00e9glises ? par <strong>Viollet-le-Duc<\/strong>.<br \/>\nLa fin ? le <strong>4 septembre 1870<\/strong> (apr\u00e8s la d\u00e9faite de <strong>Sedan<\/strong>).<\/p>\n","protected":false},"excerpt":{"rendered":"<p>Le d\u00e9but et la fin ? Le nom de l&rsquo;imp\u00e9ratrice ? La guerre de Crim\u00e9e, d\u00e9but et fin ? L&rsquo;ann\u00e9e de la campagne d&rsquo;Italie ? Le r\u00e9novateur de Paris ? Le r\u00e9novateur des \u00e9glise ?<\/p>\n","protected":false},"author":1,"featured_media":3414,"comment_status":"closed","ping_status":"open","sticky":false,"template":"","format":"standard","meta":{"footnotes":""},"categories":[24],"tags":[1920,1921,1922,1923,1924,1627,1925,1321],"class_list":["post-3413","post","type-post","status-publish","format-standard","has-post-thumbnail","hentry","category-histoire","tag-baron-haussmann","tag-bataille-de-malakoff","tag-bataille-de-sedan","tag-bataille-de-solferino","tag-eugenie-de-montijo","tag-napoleon-iii","tag-second-empire","tag-viollet-le-duc","has-thumbnail"],"_links":{"self":[{"href":"https:\/\/acoeurparcoeur.com\/index.php?rest_route=\/wp\/v2\/posts\/3413","targetHints":{"allow":["GET"]}}],"collection":[{"href":"https:\/\/acoeurparcoeur.com\/index.php?rest_route=\/wp\/v2\/posts"}],"about":[{"href":"https:\/\/acoeurparcoeur.com\/index.php?rest_route=\/wp\/v2\/types\/post"}],"author":[{"embeddable":true,"href":"https:\/\/acoeurparcoeur.com\/index.php?rest_route=\/wp\/v2\/users\/1"}],"replies":[{"embeddable":true,"href":"https:\/\/acoeurparcoeur.com\/index.php?rest_route=%2Fwp%2Fv2%2Fcomments&post=3413"}],"version-history":[{"count":0,"href":"https:\/\/acoeurparcoeur.com\/index.php?rest_route=\/wp\/v2\/posts\/3413\/revisions"}],"wp:featuredmedia":[{"embeddable":true,"href":"https:\/\/acoeurparcoeur.com\/index.php?rest_route=\/wp\/v2\/media\/3414"}],"wp:attachment":[{"href":"https:\/\/acoeurparcoeur.com\/index.php?rest_route=%2Fwp%2Fv2%2Fmedia&parent=3413"}],"wp:term":[{"taxonomy":"category","embeddable":true,"href":"https:\/\/acoeurparcoeur.com\/index.php?rest_route=%2Fwp%2Fv2%2Fcategories&post=3413"},{"taxonomy":"post_tag","embeddable":true,"href":"https:\/\/acoeurparcoeur.com\/index.php?rest_route=%2Fwp%2Fv2%2Ftags&post=3413"}],"curies":[{"name":"wp","href":"https:\/\/api.w.org\/{rel}","templated":true}]}}