{"id":3291,"date":"2016-06-15T17:22:59","date_gmt":"2016-06-15T17:22:59","guid":{"rendered":"http:\/\/acoeurparcoeur.com\/?p=3291"},"modified":"2016-06-15T17:22:59","modified_gmt":"2016-06-15T17:22:59","slug":"lessentiel-du-genocide-armenien","status":"publish","type":"post","link":"https:\/\/acoeurparcoeur.com\/?p=3291","title":{"rendered":"L&rsquo;essentiel du g\u00e9nocide arm\u00e9nien ?"},"content":{"rendered":"<p><em>Quoi ?<\/em><br \/>\n<strong>Extermination syst\u00e9matique<\/strong> du peuple arm\u00e9nien.<\/p>\n<p><em>Qui ?<\/em><br \/>\nLe mouvement des <strong>Jeunes-Turcs<\/strong> sur l&rsquo;instigation du gouvernement turc.<\/p>\n<p><em>Quand ?<\/em><br \/>\nD&rsquo;avril <strong>1915<\/strong> \u00e0 juillet <strong>1916<\/strong>.<br \/>\nEn <strong>1923<\/strong>, Mustapha Kemal, p\u00e8re de la Turquie moderne, prononce une amnistie g\u00e9n\u00e9rale pour tous les responsables du g\u00e9nocide.<\/p>\n<p><em>O\u00f9 ?<\/em><br \/>\n<strong>Anatolie<\/strong> et d&rsquo;Arm\u00e9nie occidentale.<\/p>\n<p><em>Pourquoi ?<\/em><br \/>\nL&rsquo;Empire ottoman, en <strong>d\u00e9clin<\/strong> depuis le XVIIIe si\u00e8cle, se sent menac\u00e9, et prennent comme <strong>bouc \u00e9missaire<\/strong> les Arm\u00e9niens, chr\u00e9tiens en pays musulman.<\/p>\n<p><em>Comment ?<\/em><br \/>\n<strong>D\u00e9portations<\/strong>, <strong>famines<\/strong> et <strong>massacres<\/strong> de grande ampleur.<\/p>\n<p><em>Combien ?<\/em><br \/>\nOn retient aujourd&rsquo;hui <strong>un million deux cent mille<\/strong> Arm\u00e9niens tu\u00e9s, soit les deux tiers de la population arm\u00e9nienne de l&rsquo;Empire ottoman.<\/p>\n<p><em>(Iconographie: camp de r\u00e9fugi\u00e9s arm\u00e9niens en Syrie)<\/em><\/p>\n","protected":false},"excerpt":{"rendered":"<p>Qui a perp\u00e9tr\u00e9 le g\u00e9nocide arm\u00e9nien ? Pourquoi ? Quand ? O\u00f9 ? Combien de victimes ?<\/p>\n","protected":false},"author":1,"featured_media":3293,"comment_status":"closed","ping_status":"open","sticky":false,"template":"","format":"standard","meta":{"footnotes":""},"categories":[347,24],"tags":[771,1837],"class_list":["post-3291","post","type-post","status-publish","format-standard","has-post-thumbnail","hentry","category-brevet","category-histoire","tag-empire-ottoman","tag-genocide-armenien","has-thumbnail"],"_links":{"self":[{"href":"https:\/\/acoeurparcoeur.com\/index.php?rest_route=\/wp\/v2\/posts\/3291","targetHints":{"allow":["GET"]}}],"collection":[{"href":"https:\/\/acoeurparcoeur.com\/index.php?rest_route=\/wp\/v2\/posts"}],"about":[{"href":"https:\/\/acoeurparcoeur.com\/index.php?rest_route=\/wp\/v2\/types\/post"}],"author":[{"embeddable":true,"href":"https:\/\/acoeurparcoeur.com\/index.php?rest_route=\/wp\/v2\/users\/1"}],"replies":[{"embeddable":true,"href":"https:\/\/acoeurparcoeur.com\/index.php?rest_route=%2Fwp%2Fv2%2Fcomments&post=3291"}],"version-history":[{"count":0,"href":"https:\/\/acoeurparcoeur.com\/index.php?rest_route=\/wp\/v2\/posts\/3291\/revisions"}],"wp:featuredmedia":[{"embeddable":true,"href":"https:\/\/acoeurparcoeur.com\/index.php?rest_route=\/wp\/v2\/media\/3293"}],"wp:attachment":[{"href":"https:\/\/acoeurparcoeur.com\/index.php?rest_route=%2Fwp%2Fv2%2Fmedia&parent=3291"}],"wp:term":[{"taxonomy":"category","embeddable":true,"href":"https:\/\/acoeurparcoeur.com\/index.php?rest_route=%2Fwp%2Fv2%2Fcategories&post=3291"},{"taxonomy":"post_tag","embeddable":true,"href":"https:\/\/acoeurparcoeur.com\/index.php?rest_route=%2Fwp%2Fv2%2Ftags&post=3291"}],"curies":[{"name":"wp","href":"https:\/\/api.w.org\/{rel}","templated":true}]}}