{"id":2979,"date":"2015-09-01T17:10:55","date_gmt":"2015-09-01T17:10:55","guid":{"rendered":"http:\/\/acoeurparcoeur.com\/?p=2979"},"modified":"2015-09-01T17:10:55","modified_gmt":"2015-09-01T17:10:55","slug":"le-trouvere-et-leonora","status":"publish","type":"post","link":"https:\/\/acoeurparcoeur.com\/?p=2979","title":{"rendered":"Le Trouv\u00e8re, et Leonora ?"},"content":{"rendered":"<ul>\n<li>Le Trouv\u00e8re, un op\u00e9ra compos\u00e9 par ? <strong>Giuseppe Verdi<\/strong>.<\/li>\n<li>Le titre original ? <strong>Il Trovatore<\/strong>.<\/li>\n<li>Cr\u00e9ation de la VO ? Le 19 janvier <strong>1853<\/strong> \u00e0 <strong>Rome<\/strong>. De la VF ? Le 12 janvier <strong>1857<\/strong> \u00e0 <strong>Paris<\/strong>.<\/li>\n<li>Le personnage incarn\u00e9 par la soprano ? <strong>Leonora<\/strong>.<\/li>\n<li>Un air c\u00e9l\u00e8bre ? <strong>D&rsquo;amor sull&rsquo;ali rose<\/strong>.<\/li>\n<\/ul>\n<p><em>L&rsquo;interpr\u00e9tation d&rsquo;<strong>Anna Netrebko<\/strong> au Festival de Salzburg:<\/em><\/p>\n<p>httpv:\/\/www.youtube.com\/watch?v=jzraEaL4CDM<\/p>\n<p><em>D&rsquo; amor sull&rsquo;ali rose<br \/>\nvanne, sospir dolente:<br \/>\ndel prigioniero misero<br \/>\nconforta l&rsquo;egra mente&#8230;<br \/>\nCom&rsquo;aura di speranza<br \/>\naleggia in quella stanza:<br \/>\nlo desta alle memorie,<br \/>\nai sogni dell&rsquo;amor!<br \/>\nMa deh! non dirgli improvvido,<br \/>\nle pene del mio cor!<\/em><\/p>\n","protected":false},"excerpt":{"rendered":"<p>Le compositeur ? L&rsquo;ann\u00e9e de la premi\u00e8re cr\u00e9ation ? Le pr\u00e9nom du personnage f\u00e9minin principal ? Un air c\u00e9l\u00e8bre ? Une interpr\u00e8te c\u00e9l\u00e8bre ?<\/p>\n","protected":false},"author":1,"featured_media":2980,"comment_status":"closed","ping_status":"open","sticky":false,"template":"","format":"standard","meta":{"footnotes":""},"categories":[32,19],"tags":[1697,1698,1699,29,1700],"class_list":["post-2979","post","type-post","status-publish","format-standard","has-post-thumbnail","hentry","category-opera","category-selection","tag-anna-netrebko","tag-damor-sullali-rose","tag-festival-de-salzbourg","tag-giuseppe-verdi","tag-le-trouvere","has-thumbnail"],"_links":{"self":[{"href":"https:\/\/acoeurparcoeur.com\/index.php?rest_route=\/wp\/v2\/posts\/2979","targetHints":{"allow":["GET"]}}],"collection":[{"href":"https:\/\/acoeurparcoeur.com\/index.php?rest_route=\/wp\/v2\/posts"}],"about":[{"href":"https:\/\/acoeurparcoeur.com\/index.php?rest_route=\/wp\/v2\/types\/post"}],"author":[{"embeddable":true,"href":"https:\/\/acoeurparcoeur.com\/index.php?rest_route=\/wp\/v2\/users\/1"}],"replies":[{"embeddable":true,"href":"https:\/\/acoeurparcoeur.com\/index.php?rest_route=%2Fwp%2Fv2%2Fcomments&post=2979"}],"version-history":[{"count":0,"href":"https:\/\/acoeurparcoeur.com\/index.php?rest_route=\/wp\/v2\/posts\/2979\/revisions"}],"wp:featuredmedia":[{"embeddable":true,"href":"https:\/\/acoeurparcoeur.com\/index.php?rest_route=\/wp\/v2\/media\/2980"}],"wp:attachment":[{"href":"https:\/\/acoeurparcoeur.com\/index.php?rest_route=%2Fwp%2Fv2%2Fmedia&parent=2979"}],"wp:term":[{"taxonomy":"category","embeddable":true,"href":"https:\/\/acoeurparcoeur.com\/index.php?rest_route=%2Fwp%2Fv2%2Fcategories&post=2979"},{"taxonomy":"post_tag","embeddable":true,"href":"https:\/\/acoeurparcoeur.com\/index.php?rest_route=%2Fwp%2Fv2%2Ftags&post=2979"}],"curies":[{"name":"wp","href":"https:\/\/api.w.org\/{rel}","templated":true}]}}