{"id":2975,"date":"2015-06-30T11:58:10","date_gmt":"2015-06-30T11:58:10","guid":{"rendered":"http:\/\/acoeurparcoeur.com\/?p=2975"},"modified":"2015-06-30T11:58:10","modified_gmt":"2015-06-30T11:58:10","slug":"le-port-de-baudelaire","status":"publish","type":"post","link":"https:\/\/acoeurparcoeur.com\/?p=2975","title":{"rendered":"Le Port, de Baudelaire ?"},"content":{"rendered":"<p>Un port est un s\u00e9jour charmant pour une \u00e2me fatigu\u00e9e des luttes de la vie. L\u2019<strong>ampleur<\/strong> du ciel, l\u2019<strong>architecture<\/strong> mobile des nuages, les <strong>colorations<\/strong> changeantes de la mer, le <strong>scintillement<\/strong> des phares, sont un prisme merveilleusement propre \u00e0 amuser les yeux sans jamais les lasser. Les <strong>formes \u00e9lanc\u00e9es<\/strong> des navires, au <strong>gr\u00e9ement compliqu\u00e9<\/strong>, auxquels la houle imprime des oscillations harmonieuses, servent \u00e0 entretenir dans l\u2019\u00e2me le go\u00fbt du rhythme et de la beaut\u00e9. Et puis, surtout, il y a une sorte de <strong>plaisir myst\u00e9rieux et aristocratique<\/strong> pour celui qui n\u2019a plus ni curiosit\u00e9 ni ambition, \u00e0 contempler, couch\u00e9 dans le belv\u00e9d\u00e8re ou accoud\u00e9 sur le m\u00f4le, tous ces mouvements de ceux qui partent et de ceux qui reviennent, de ceux qui ont encore la force de vouloir, le d\u00e9sir de voyager ou de s\u2019enrichir.<\/p>\n<p>(Charles Baudelaire, <em>Le Spleen de Paris<\/em>, 1869)<\/p>\n","protected":false},"excerpt":{"rendered":"<p>Les 4 composantes du prisme \u00e9voqu\u00e9 par le po\u00e8me en prose ? Le recueil po\u00e9tique ? L&rsquo;ann\u00e9e de parution ?<\/p>\n","protected":false},"author":1,"featured_media":2976,"comment_status":"closed","ping_status":"open","sticky":false,"template":"","format":"standard","meta":{"footnotes":""},"categories":[18,19],"tags":[1695,1696],"class_list":["post-2975","post","type-post","status-publish","format-standard","has-post-thumbnail","hentry","category-poesie","category-selection","tag-charles-baudelaire","tag-le-spleen-de-paris","has-thumbnail"],"_links":{"self":[{"href":"https:\/\/acoeurparcoeur.com\/index.php?rest_route=\/wp\/v2\/posts\/2975","targetHints":{"allow":["GET"]}}],"collection":[{"href":"https:\/\/acoeurparcoeur.com\/index.php?rest_route=\/wp\/v2\/posts"}],"about":[{"href":"https:\/\/acoeurparcoeur.com\/index.php?rest_route=\/wp\/v2\/types\/post"}],"author":[{"embeddable":true,"href":"https:\/\/acoeurparcoeur.com\/index.php?rest_route=\/wp\/v2\/users\/1"}],"replies":[{"embeddable":true,"href":"https:\/\/acoeurparcoeur.com\/index.php?rest_route=%2Fwp%2Fv2%2Fcomments&post=2975"}],"version-history":[{"count":0,"href":"https:\/\/acoeurparcoeur.com\/index.php?rest_route=\/wp\/v2\/posts\/2975\/revisions"}],"wp:featuredmedia":[{"embeddable":true,"href":"https:\/\/acoeurparcoeur.com\/index.php?rest_route=\/wp\/v2\/media\/2976"}],"wp:attachment":[{"href":"https:\/\/acoeurparcoeur.com\/index.php?rest_route=%2Fwp%2Fv2%2Fmedia&parent=2975"}],"wp:term":[{"taxonomy":"category","embeddable":true,"href":"https:\/\/acoeurparcoeur.com\/index.php?rest_route=%2Fwp%2Fv2%2Fcategories&post=2975"},{"taxonomy":"post_tag","embeddable":true,"href":"https:\/\/acoeurparcoeur.com\/index.php?rest_route=%2Fwp%2Fv2%2Ftags&post=2975"}],"curies":[{"name":"wp","href":"https:\/\/api.w.org\/{rel}","templated":true}]}}