{"id":2907,"date":"2014-12-31T00:15:21","date_gmt":"2014-12-31T00:15:21","guid":{"rendered":"http:\/\/acoeurparcoeur.com\/?p=2907"},"modified":"2014-12-31T00:15:21","modified_gmt":"2014-12-31T00:15:21","slug":"le-traditionnel-concert-du-nouvel-an-de-lorchestre-philharmonique-de-vienne","status":"publish","type":"post","link":"https:\/\/acoeurparcoeur.com\/?p=2907","title":{"rendered":"Le traditionnel Concert du nouvel an de l&rsquo;Orchestre philharmonique de Vienne ?"},"content":{"rendered":"<ul>\n<li>En allemand ? Das <strong>Neujahrskonzert<\/strong> der Wiener Philharmoniker.<\/li>\n<li>Quand ? <strong>30 et 31<\/strong> d\u00e9cembre, <strong>1er<\/strong> janvier (concert d\u00e9butant \u00e0 11h15 GMT, retransmis dans 90 pays). Le premier concert fut dirig\u00e9 le 31 d\u00e9cembre 1939 par Clemens Krauss.<\/li>\n<li>O\u00f9 ? Dans la Goldener Saal (Salle dor\u00e9e) du <strong>Musikverein<\/strong>, r\u00e9sidence de l&rsquo;Orchestre philharmonique de Vienne, \u00e0 Vienne.<\/li>\n<li>Les 2 compositeurs les plus jou\u00e9s ? <strong>Johann Strauss<\/strong> p\u00e8re et fils.<\/li>\n<li>Les 3 bis traditionnels ? Une <strong>polka<\/strong> rapide, la valse du <strong>Beau Danube bleu<\/strong> (Johann Strauss II), la Marche de <strong>Radetzky<\/strong> (Johann Strauss I).<\/li>\n<li>La d\u00e9coration florale ? Offerte tous les ans par la ville de <strong>San Remo<\/strong> en Ligurie (Italie).<\/li>\n<li>La direction du Concert du nouvel an 2015 ? Le chef d&rsquo;orchestre indien <strong>Zubin Mehta<\/strong>, pour la 5e fois.<\/li>\n<li>Retransmission ? Sur France 2, le 1er janvier \u00e0 12h15.<\/li>\n<\/ul>\n<p>Un souvenir c\u00e9l\u00e8bre ? La conclusion du concert 1987 par Herbert von Karajan.<\/p>\n<p>httpv:\/\/www.youtube.com\/watch?v=FHFf7NIwOHQ<\/p>\n","protected":false},"excerpt":{"rendered":"<p>Concert du nouvel an, en allemand ? La salle de concert ? L&rsquo;ann\u00e9e du premier concert ? Les 3 bis traditionnels ?<\/p>\n","protected":false},"author":1,"featured_media":2908,"comment_status":"closed","ping_status":"open","sticky":false,"template":"","format":"standard","meta":{"footnotes":""},"categories":[659,19],"tags":[1580,1631,157],"class_list":["post-2907","post","type-post","status-publish","format-standard","has-post-thumbnail","hentry","category-musique","category-selection","tag-autriche","tag-concert-du-nouvel-an","tag-vienne","has-thumbnail"],"_links":{"self":[{"href":"https:\/\/acoeurparcoeur.com\/index.php?rest_route=\/wp\/v2\/posts\/2907","targetHints":{"allow":["GET"]}}],"collection":[{"href":"https:\/\/acoeurparcoeur.com\/index.php?rest_route=\/wp\/v2\/posts"}],"about":[{"href":"https:\/\/acoeurparcoeur.com\/index.php?rest_route=\/wp\/v2\/types\/post"}],"author":[{"embeddable":true,"href":"https:\/\/acoeurparcoeur.com\/index.php?rest_route=\/wp\/v2\/users\/1"}],"replies":[{"embeddable":true,"href":"https:\/\/acoeurparcoeur.com\/index.php?rest_route=%2Fwp%2Fv2%2Fcomments&post=2907"}],"version-history":[{"count":0,"href":"https:\/\/acoeurparcoeur.com\/index.php?rest_route=\/wp\/v2\/posts\/2907\/revisions"}],"wp:featuredmedia":[{"embeddable":true,"href":"https:\/\/acoeurparcoeur.com\/index.php?rest_route=\/wp\/v2\/media\/2908"}],"wp:attachment":[{"href":"https:\/\/acoeurparcoeur.com\/index.php?rest_route=%2Fwp%2Fv2%2Fmedia&parent=2907"}],"wp:term":[{"taxonomy":"category","embeddable":true,"href":"https:\/\/acoeurparcoeur.com\/index.php?rest_route=%2Fwp%2Fv2%2Fcategories&post=2907"},{"taxonomy":"post_tag","embeddable":true,"href":"https:\/\/acoeurparcoeur.com\/index.php?rest_route=%2Fwp%2Fv2%2Ftags&post=2907"}],"curies":[{"name":"wp","href":"https:\/\/api.w.org\/{rel}","templated":true}]}}