{"id":2885,"date":"2014-11-26T00:24:37","date_gmt":"2014-11-26T00:24:37","guid":{"rendered":"http:\/\/acoeurparcoeur.com\/?p=2885"},"modified":"2014-11-26T00:24:37","modified_gmt":"2014-11-26T00:24:37","slug":"jeanne-etait-au-pain-sec","status":"publish","type":"post","link":"https:\/\/acoeurparcoeur.com\/?p=2885","title":{"rendered":"Jeanne \u00e9tait au pain sec ?"},"content":{"rendered":"<p>Jeanne \u00e9tait au pain sec dans le cabinet noir,<br \/>\nPour un crime quelconque, et, <strong>manquant au devoir<\/strong>,<br \/>\nJ&rsquo;allai voir la proscrite en pleine forfaiture,<br \/>\nEt lui glissai dans l&rsquo;ombre <strong>un pot de confiture<\/strong><br \/>\nContraire aux lois. Tous ceux sur qui, dans ma cit\u00e9,<br \/>\nRepose <strong>le salut de la soci\u00e9t\u00e9<\/strong><br \/>\nS&rsquo;indign\u00e8rent, et Jeanne a dit d&rsquo;une voix douce :<br \/>\n\u2014 Je ne toucherai plus mon nez <strong>avec mon pouce<\/strong> ;<br \/>\nJe ne me ferai plus griffer par le minet.<br \/>\nMais on s&rsquo;est recri\u00e9 : \u2014 <strong>Cette enfant vous<\/strong> conna\u00eet ;<br \/>\nElle sait \u00e0 quel point vous \u00eates faible et l\u00e2che.<br \/>\nElle vous voit toujours rire <strong>quand on se f\u00e2che<\/strong>.<br \/>\nPas de gouvernement possible. A chaque instant<br \/>\nL&rsquo;ordre est troubl\u00e9 par vous ; <strong>le pouvoir se d\u00e9tend<\/strong> ;<br \/>\nPlus de r\u00e8gle. L&rsquo;enfant n&rsquo;a plus rien qui l&rsquo;arr\u00eate.<br \/>\nVous d\u00e9molissez tout. \u2014 Et j&rsquo;ai <strong>baiss\u00e9 la t\u00eate<\/strong>,<br \/>\nEt j&rsquo;ai dit : \u2014 Je n&rsquo;ai rien \u00e0 r\u00e9pondre \u00e0 cela,<br \/>\nJ&rsquo;ai tort. Oui, c&rsquo;est avec ces <strong>indulgences-l\u00e0<\/strong><br \/>\nQu&rsquo;on a toujours conduit les peuples \u00e0 leur perte.<br \/>\nQu&rsquo;on me mette au pain sec. \u2014 <strong>Vous le m\u00e9ritez, certe,<\/strong><br \/>\nOn vous y mettra. \u2014 Jeanne alors, dans son coin noir,<br \/>\nM&rsquo;a dit tout bas, levant ses yeux <strong>si beaux \u00e0 voir,<\/strong><br \/>\nPleins de l&rsquo;autorit\u00e9 des douces cr\u00e9atures :<br \/>\n\u2014 Eh bien&rsquo; moi, je t&rsquo;irai <strong>porter des confitures.<\/strong><\/p>\n<p>(<strong>Victor Hugo<\/strong>, L&rsquo;Art d\u2019\u00eatre grand-p\u00e8re)<\/p>\n","protected":false},"excerpt":{"rendered":"<p>Le po\u00e8te ? Le recueil ?<\/p>\n","protected":false},"author":1,"featured_media":2886,"comment_status":"closed","ping_status":"open","sticky":false,"template":"","format":"standard","meta":{"footnotes":""},"categories":[18,19],"tags":[159],"class_list":["post-2885","post","type-post","status-publish","format-standard","has-post-thumbnail","hentry","category-poesie","category-selection","tag-victor-hugo","has-thumbnail"],"_links":{"self":[{"href":"https:\/\/acoeurparcoeur.com\/index.php?rest_route=\/wp\/v2\/posts\/2885","targetHints":{"allow":["GET"]}}],"collection":[{"href":"https:\/\/acoeurparcoeur.com\/index.php?rest_route=\/wp\/v2\/posts"}],"about":[{"href":"https:\/\/acoeurparcoeur.com\/index.php?rest_route=\/wp\/v2\/types\/post"}],"author":[{"embeddable":true,"href":"https:\/\/acoeurparcoeur.com\/index.php?rest_route=\/wp\/v2\/users\/1"}],"replies":[{"embeddable":true,"href":"https:\/\/acoeurparcoeur.com\/index.php?rest_route=%2Fwp%2Fv2%2Fcomments&post=2885"}],"version-history":[{"count":0,"href":"https:\/\/acoeurparcoeur.com\/index.php?rest_route=\/wp\/v2\/posts\/2885\/revisions"}],"wp:featuredmedia":[{"embeddable":true,"href":"https:\/\/acoeurparcoeur.com\/index.php?rest_route=\/wp\/v2\/media\/2886"}],"wp:attachment":[{"href":"https:\/\/acoeurparcoeur.com\/index.php?rest_route=%2Fwp%2Fv2%2Fmedia&parent=2885"}],"wp:term":[{"taxonomy":"category","embeddable":true,"href":"https:\/\/acoeurparcoeur.com\/index.php?rest_route=%2Fwp%2Fv2%2Fcategories&post=2885"},{"taxonomy":"post_tag","embeddable":true,"href":"https:\/\/acoeurparcoeur.com\/index.php?rest_route=%2Fwp%2Fv2%2Ftags&post=2885"}],"curies":[{"name":"wp","href":"https:\/\/api.w.org\/{rel}","templated":true}]}}