{"id":285,"date":"2010-11-16T13:27:56","date_gmt":"2010-11-16T13:27:56","guid":{"rendered":"http:\/\/acoeurparcoeur.com\/?p=285"},"modified":"2010-11-16T13:27:56","modified_gmt":"2010-11-16T13:27:56","slug":"composition-du-nouveau-gouvernement-de-francois-fillon-nov-2010","status":"publish","type":"post","link":"https:\/\/acoeurparcoeur.com\/?p=285","title":{"rendered":"Les 15 ministres du gouvernement Fran\u00e7ois Fillon III (nov. 2010) ?"},"content":{"rendered":"<p><strong>Alain Jupp\u00e9<\/strong>, ministre de la d\u00e9fense et des anciens combattants<br \/>\n<strong>Mich\u00e8le Alliot-Marie<\/strong>, ministre des affaires \u00e9trang\u00e8res et europ\u00e9ennes<br \/>\n<strong>Nathalie Kosciusko-Morizet<\/strong>, ministre de l\u2019\u00e9cologie, du d\u00e9veloppement durable, des transports et du logement<br \/>\n<strong>Michel Mercier<\/strong>, ministre de la justice et des libert\u00e9s<br \/>\n<strong>Brice Hortefeux<\/strong>, ministre de l\u2019int\u00e9rieur, de l\u2019outre-mer, des collectivit\u00e9s territoriales et de l\u2019immigration<br \/>\n<strong>Christine Lagarde<\/strong>, ministre de l\u2019\u00e9conomie, des finances et de l\u2019industrie<br \/>\n<strong>Xavier Bertrand<\/strong>, ministre du travail, de l\u2019emploi et de la sant\u00e9<br \/>\n<strong>Luc Chatel<\/strong>, ministre de l\u2019\u00e9ducation nationale, de la jeunesse et de la vie associative<br \/>\n<strong>Fran\u00e7ois Baroin<\/strong>, ministre du budget, des comptes publics, de la fonction publique et de la r\u00e9forme de l\u2019Etat, porte-parole du gouvernement<br \/>\n<strong>Val\u00e9rie P\u00e9cresse<\/strong>, ministre de l\u2019enseignement sup\u00e9rieur et de la recherche<br \/>\n<strong>Bruno Le Maire<\/strong>, ministre de l\u2019agriculture, de l\u2019alimentation, de la p\u00eache, de la ruralit\u00e9 et de l\u2019am\u00e9nagement du territoire<br \/>\n<strong>Fr\u00e9d\u00e9ric Mitterrand<\/strong>, ministre de la culture et de la communication<br \/>\n<strong>Roselyne Bachelot-Narquin<\/strong>, ministre des solidarit\u00e9s et de la coh\u00e9sion sociale<br \/>\n<strong>Maurice Leroy<\/strong>, ministre de la ville<br \/>\n<strong>Chantal Jouanno<\/strong>, ministre des sports<\/p>\n","protected":false},"excerpt":{"rendered":"<p>Ministre de la d\u00e9fense ? des finances ? du budget ? de la sant\u00e9 ? de l&rsquo;int\u00e9rieur ?<\/p>\n","protected":false},"author":1,"featured_media":287,"comment_status":"open","ping_status":"open","sticky":false,"template":"","format":"standard","meta":{"footnotes":""},"categories":[63,92,19],"tags":[62,164,165,166,167,168,68],"class_list":["post-285","post","type-post","status-publish","format-standard","has-post-thumbnail","hentry","category-actualite","category-politique","category-selection","tag-62","tag-alain-juppe","tag-christine-lagarde","tag-francois-fillon","tag-michele-alliot-marie","tag-xavier-bertrand","tag-xxie-siecle","has-thumbnail"],"_links":{"self":[{"href":"https:\/\/acoeurparcoeur.com\/index.php?rest_route=\/wp\/v2\/posts\/285","targetHints":{"allow":["GET"]}}],"collection":[{"href":"https:\/\/acoeurparcoeur.com\/index.php?rest_route=\/wp\/v2\/posts"}],"about":[{"href":"https:\/\/acoeurparcoeur.com\/index.php?rest_route=\/wp\/v2\/types\/post"}],"author":[{"embeddable":true,"href":"https:\/\/acoeurparcoeur.com\/index.php?rest_route=\/wp\/v2\/users\/1"}],"replies":[{"embeddable":true,"href":"https:\/\/acoeurparcoeur.com\/index.php?rest_route=%2Fwp%2Fv2%2Fcomments&post=285"}],"version-history":[{"count":0,"href":"https:\/\/acoeurparcoeur.com\/index.php?rest_route=\/wp\/v2\/posts\/285\/revisions"}],"wp:featuredmedia":[{"embeddable":true,"href":"https:\/\/acoeurparcoeur.com\/index.php?rest_route=\/wp\/v2\/media\/287"}],"wp:attachment":[{"href":"https:\/\/acoeurparcoeur.com\/index.php?rest_route=%2Fwp%2Fv2%2Fmedia&parent=285"}],"wp:term":[{"taxonomy":"category","embeddable":true,"href":"https:\/\/acoeurparcoeur.com\/index.php?rest_route=%2Fwp%2Fv2%2Fcategories&post=285"},{"taxonomy":"post_tag","embeddable":true,"href":"https:\/\/acoeurparcoeur.com\/index.php?rest_route=%2Fwp%2Fv2%2Ftags&post=285"}],"curies":[{"name":"wp","href":"https:\/\/api.w.org\/{rel}","templated":true}]}}