{"id":2803,"date":"2014-06-09T10:50:43","date_gmt":"2014-06-09T10:50:43","guid":{"rendered":"http:\/\/acoeurparcoeur.com\/?p=2803"},"modified":"2014-06-09T10:50:43","modified_gmt":"2014-06-09T10:50:43","slug":"la-pentecote","status":"publish","type":"post","link":"https:\/\/acoeurparcoeur.com\/?p=2803","title":{"rendered":"La Pentec\u00f4te ?"},"content":{"rendered":"<p>Etymologie grecque ? pent\u00eakost\u00ea = <strong>cinquanti\u00e8me<\/strong> (jours apr\u00e8s P\u00e2ques).<br \/>\nQuel jour ? 7e <strong>dimanche<\/strong> apr\u00e8s celui de P\u00e2ques.<br \/>\nQuel \u00e9v\u00e9nement ? La venue du <strong>Saint-Esprit<\/strong> sur les ap\u00f4tres.<br \/>\nRapport\u00e9 dans ? Les <strong>Actes des Ap\u00f4tres<\/strong>.<br \/>\nLe d\u00e9but de quel processus ? <strong>Evang\u00e9lisation<\/strong> (fondation de l&rsquo;\u00c9glise).<br \/>\nUne messe c\u00e9l\u00e8bre ? La Messe de la Pentec\u00f4te d&rsquo;<strong>Olivier Messiaen<\/strong>, pour orgue.<br \/>\nUn diction ? \u00c0 la Pentec\u00f4te, la <strong>cerise<\/strong> est notre h\u00f4te.<\/p>\n<p><em>Le jour de la Pentec\u00f4te, ils \u00e9taient tous ensemble dans le m\u00eame lieu. Tout \u00e0 coup il vint du ciel un bruit comme celui d&rsquo;un vent imp\u00e9tueux, et il remplit toute la maison o\u00f9 ils \u00e9taient assis. Des langues, semblables \u00e0 des langues de feu, leur apparurent, s\u00e9par\u00e9es les unes des autres, et se pos\u00e8rent sur chacun d&rsquo;eux. Et ils furent tous remplis du Saint Esprit, et se mirent \u00e0 parler en d&rsquo;autres langues, selon que l&rsquo;Esprit leur donnait de s&rsquo;exprimer.<br \/>\n<\/em><br \/>\n(Actes 2:1-4v 3)<\/p>\n","protected":false},"excerpt":{"rendered":"<p>L&rsquo;\u00e9tymologie ? Quel jour ? La venue de quoi ? Sur qui  ? Le d\u00e9but de quel processus ? Quel compositeur ?<\/p>\n","protected":false},"author":1,"featured_media":2806,"comment_status":"closed","ping_status":"open","sticky":false,"template":"","format":"standard","meta":{"footnotes":""},"categories":[12,19],"tags":[1609,1610,1611,938,1612],"class_list":["post-2803","post","type-post","status-publish","format-standard","has-post-thumbnail","hentry","category-religion","category-selection","tag-evangelisation","tag-messe-de-la-pentecote","tag-olivier-messiaen","tag-pentecote","tag-saint-esprit","has-thumbnail"],"_links":{"self":[{"href":"https:\/\/acoeurparcoeur.com\/index.php?rest_route=\/wp\/v2\/posts\/2803","targetHints":{"allow":["GET"]}}],"collection":[{"href":"https:\/\/acoeurparcoeur.com\/index.php?rest_route=\/wp\/v2\/posts"}],"about":[{"href":"https:\/\/acoeurparcoeur.com\/index.php?rest_route=\/wp\/v2\/types\/post"}],"author":[{"embeddable":true,"href":"https:\/\/acoeurparcoeur.com\/index.php?rest_route=\/wp\/v2\/users\/1"}],"replies":[{"embeddable":true,"href":"https:\/\/acoeurparcoeur.com\/index.php?rest_route=%2Fwp%2Fv2%2Fcomments&post=2803"}],"version-history":[{"count":0,"href":"https:\/\/acoeurparcoeur.com\/index.php?rest_route=\/wp\/v2\/posts\/2803\/revisions"}],"wp:featuredmedia":[{"embeddable":true,"href":"https:\/\/acoeurparcoeur.com\/index.php?rest_route=\/wp\/v2\/media\/2806"}],"wp:attachment":[{"href":"https:\/\/acoeurparcoeur.com\/index.php?rest_route=%2Fwp%2Fv2%2Fmedia&parent=2803"}],"wp:term":[{"taxonomy":"category","embeddable":true,"href":"https:\/\/acoeurparcoeur.com\/index.php?rest_route=%2Fwp%2Fv2%2Fcategories&post=2803"},{"taxonomy":"post_tag","embeddable":true,"href":"https:\/\/acoeurparcoeur.com\/index.php?rest_route=%2Fwp%2Fv2%2Ftags&post=2803"}],"curies":[{"name":"wp","href":"https:\/\/api.w.org\/{rel}","templated":true}]}}