{"id":2791,"date":"2014-05-19T19:02:55","date_gmt":"2014-05-19T19:02:55","guid":{"rendered":"http:\/\/acoeurparcoeur.com\/?p=2791"},"modified":"2014-05-19T19:02:55","modified_gmt":"2014-05-19T19:02:55","slug":"un-petit-guide-des-elections-du-parlement-europeen-ou-elections-europeennes","status":"publish","type":"post","link":"https:\/\/acoeurparcoeur.com\/?p=2791","title":{"rendered":"Un petit guide des \u00e9lections du Parlement europ\u00e9en, ou \u00e9lections europ\u00e9ennes ?"},"content":{"rendered":"<p>Quand ? Tous les <strong>5 ans<\/strong> depuis <strong>1979<\/strong>.<br \/>\nLes 7 groupes, du plus au moins nombreux : les <strong>chr\u00e9tiens-d\u00e9mocrates<\/strong> et partis populaires (PPE), les socialistes et <strong>sociaux-d\u00e9mocrates<\/strong> (PSE), les <strong>lib\u00e9raux<\/strong> (ALDE), les eurosceptiques et conservateurs, les nationalistes, la gauche unitaire, les \u00e9cologistes.<br \/>\nLe nombre de d\u00e9put\u00e9s ? Fix\u00e9 \u00e0 <strong>751<\/strong> par le Trait\u00e9 de Lisbonne.<br \/>\nLe pays le plus repr\u00e9sent\u00e9 ? L&rsquo;<strong>Allemagne<\/strong>.<br \/>\nLe si\u00e8ge du Parlement europ\u00e9en ? A <strong>Strasbourg<\/strong>.<br \/>\nLes commissions ? A <strong>Bruxelles<\/strong>.<br \/>\nLe secr\u00e9tariat g\u00e9n\u00e9ral ? A <strong>Luxembourg<\/strong>.<\/p>\n","protected":false},"excerpt":{"rendered":"<p>La premi\u00e8re \u00e9lection ? Les 3 principaux partis ? Le nombre de d\u00e9put\u00e9s ? Le pays le plus repr\u00e9sent\u00e9 ? Le si\u00e8ge du Parlement europ\u00e9en ?<\/p>\n","protected":false},"author":1,"featured_media":2792,"comment_status":"closed","ping_status":"open","sticky":false,"template":"","format":"standard","meta":{"footnotes":""},"categories":[92,19],"tags":[1600,1601,1602,1603,1087,1604],"class_list":["post-2791","post","type-post","status-publish","format-standard","has-post-thumbnail","hentry","category-politique","category-selection","tag-bruxelles","tag-elections-europeennes","tag-luxembourg","tag-parlement-europeen","tag-strasbourg","tag-traite-de-lisbonne","has-thumbnail"],"_links":{"self":[{"href":"https:\/\/acoeurparcoeur.com\/index.php?rest_route=\/wp\/v2\/posts\/2791","targetHints":{"allow":["GET"]}}],"collection":[{"href":"https:\/\/acoeurparcoeur.com\/index.php?rest_route=\/wp\/v2\/posts"}],"about":[{"href":"https:\/\/acoeurparcoeur.com\/index.php?rest_route=\/wp\/v2\/types\/post"}],"author":[{"embeddable":true,"href":"https:\/\/acoeurparcoeur.com\/index.php?rest_route=\/wp\/v2\/users\/1"}],"replies":[{"embeddable":true,"href":"https:\/\/acoeurparcoeur.com\/index.php?rest_route=%2Fwp%2Fv2%2Fcomments&post=2791"}],"version-history":[{"count":0,"href":"https:\/\/acoeurparcoeur.com\/index.php?rest_route=\/wp\/v2\/posts\/2791\/revisions"}],"wp:featuredmedia":[{"embeddable":true,"href":"https:\/\/acoeurparcoeur.com\/index.php?rest_route=\/wp\/v2\/media\/2792"}],"wp:attachment":[{"href":"https:\/\/acoeurparcoeur.com\/index.php?rest_route=%2Fwp%2Fv2%2Fmedia&parent=2791"}],"wp:term":[{"taxonomy":"category","embeddable":true,"href":"https:\/\/acoeurparcoeur.com\/index.php?rest_route=%2Fwp%2Fv2%2Fcategories&post=2791"},{"taxonomy":"post_tag","embeddable":true,"href":"https:\/\/acoeurparcoeur.com\/index.php?rest_route=%2Fwp%2Fv2%2Ftags&post=2791"}],"curies":[{"name":"wp","href":"https:\/\/api.w.org\/{rel}","templated":true}]}}