{"id":2787,"date":"2014-04-30T14:31:28","date_gmt":"2014-04-30T14:31:28","guid":{"rendered":"http:\/\/acoeurparcoeur.com\/?p=2787"},"modified":"2014-04-30T14:31:28","modified_gmt":"2014-04-30T14:31:28","slug":"la-canonisation-de-jean-paul-ii","status":"publish","type":"post","link":"https:\/\/acoeurparcoeur.com\/?p=2787","title":{"rendered":"La canonisation de Jean-Paul II ?"},"content":{"rendered":"<p>La naissance ? <strong>Wadowice<\/strong>, pr\u00e8s de Cracovie, en Pologne, le 18 mai <strong>1920<\/strong>.<br \/>\nLe nom civil ? Karol <strong>Wojtyla<\/strong>.<br \/>\nLe pontificat ? <strong>1978<\/strong>&#8211;<strong>2005<\/strong>, troisi\u00e8me plus long de l\u2019histoire de l\u2019\u00c9glise apr\u00e8s celui de saint Pierre et Pie IX.<br \/>\nLa b\u00e9atification ? Le 1er mai <strong>2011<\/strong> par le pape Beno\u00eet XVI.<br \/>\nLa canonisation ? Le 27 avril <strong>2014<\/strong> par le pape Fran\u00e7ois.<br \/>\nLa f\u00eate ? Le <strong>22 octobre<\/strong>, date de son intronisation pontificale.<\/p>\n<p>La devise ?<br \/>\n<strong>Totus tuus<\/strong> ego sum, Maria<br \/>\n<em>(Je suis tout \u00e0 toi, Marie)<\/em><br \/>\n<em>(inspir\u00e9e de Louis-Marie Grignion de Montfort)<\/em><\/p>\n","protected":false},"excerpt":{"rendered":"<p>L&rsquo;ann\u00e9e de naissance ? De d\u00e9but de pontificat ? De b\u00e9atification ? De canonisation ?<\/p>\n","protected":false},"author":1,"featured_media":2788,"comment_status":"closed","ping_status":"open","sticky":false,"template":"","format":"standard","meta":{"footnotes":""},"categories":[12,19],"tags":[247,1586,248,703],"class_list":["post-2787","post","type-post","status-publish","format-standard","has-post-thumbnail","hentry","category-religion","category-selection","tag-italie","tag-jean-paul-ii","tag-rome","tag-vatican","has-thumbnail"],"_links":{"self":[{"href":"https:\/\/acoeurparcoeur.com\/index.php?rest_route=\/wp\/v2\/posts\/2787","targetHints":{"allow":["GET"]}}],"collection":[{"href":"https:\/\/acoeurparcoeur.com\/index.php?rest_route=\/wp\/v2\/posts"}],"about":[{"href":"https:\/\/acoeurparcoeur.com\/index.php?rest_route=\/wp\/v2\/types\/post"}],"author":[{"embeddable":true,"href":"https:\/\/acoeurparcoeur.com\/index.php?rest_route=\/wp\/v2\/users\/1"}],"replies":[{"embeddable":true,"href":"https:\/\/acoeurparcoeur.com\/index.php?rest_route=%2Fwp%2Fv2%2Fcomments&post=2787"}],"version-history":[{"count":0,"href":"https:\/\/acoeurparcoeur.com\/index.php?rest_route=\/wp\/v2\/posts\/2787\/revisions"}],"wp:featuredmedia":[{"embeddable":true,"href":"https:\/\/acoeurparcoeur.com\/index.php?rest_route=\/wp\/v2\/media\/2788"}],"wp:attachment":[{"href":"https:\/\/acoeurparcoeur.com\/index.php?rest_route=%2Fwp%2Fv2%2Fmedia&parent=2787"}],"wp:term":[{"taxonomy":"category","embeddable":true,"href":"https:\/\/acoeurparcoeur.com\/index.php?rest_route=%2Fwp%2Fv2%2Fcategories&post=2787"},{"taxonomy":"post_tag","embeddable":true,"href":"https:\/\/acoeurparcoeur.com\/index.php?rest_route=%2Fwp%2Fv2%2Ftags&post=2787"}],"curies":[{"name":"wp","href":"https:\/\/api.w.org\/{rel}","templated":true}]}}