{"id":2752,"date":"2014-01-22T16:41:51","date_gmt":"2014-01-22T16:41:51","guid":{"rendered":"http:\/\/acoeurparcoeur.com\/?p=2752"},"modified":"2014-01-22T16:41:51","modified_gmt":"2014-01-22T16:41:51","slug":"les-6-premieres-dames-mariees-de-la-ve-republique","status":"publish","type":"post","link":"https:\/\/acoeurparcoeur.com\/?p=2752","title":{"rendered":"Les 6 Premi\u00e8res dames mari\u00e9es, non divorc\u00e9es, de la Ve R\u00e9publique ?"},"content":{"rendered":"<p><strong>Yvonne<\/strong> de Gaulle, n\u00e9e Vendroux (<strong>1959<\/strong>&#8211;<strong>1969<\/strong>)<br \/>\n<strong>Claude<\/strong> Pompidou, n\u00e9e Cahour (<strong>1969<\/strong>&#8211;<strong>1974<\/strong>)<br \/>\n<strong>Anne-Aymone<\/strong> Giscard d&rsquo;Estaing, n\u00e9e Sauvage de Brantes (<strong>1974<\/strong>&#8211;<strong>1981<\/strong>)<br \/>\n<strong>Danielle<\/strong> Mitterrand, n\u00e9e Gouze (<strong>1981<\/strong>&#8211;<strong>1995<\/strong>)<br \/>\n<strong>Bernadette<\/strong> Chirac, n\u00e9e Chodron de Courcel (<strong>1995<\/strong>&#8211;<strong>2007<\/strong>)<br \/>\n<strong><\/strong><strong>Carla<\/strong> Bruni-Sarkozy, n\u00e9e Bruni Tedeschi (<strong>2008<\/strong>&#8211;<strong>2012<\/strong>)<\/p>\n<p><em>Charles De Gaulle, \u00e0 propos de sa femme:<\/em><br \/>\nSans elle, rien de ce qui a \u00e9t\u00e9 fait n\u2019aurait pu l\u2019\u00eatre.<\/p>\n","protected":false},"excerpt":{"rendered":"<p>Les pr\u00e9noms des 6 Premi\u00e8res dames mari\u00e9es de la Ve R\u00e9publique: de Gaulle, Pompidou, Giscard d&rsquo;Estaing, Mitterrand, Chirac, Sarkozy ?<\/p>\n","protected":false},"author":1,"featured_media":2753,"comment_status":"closed","ping_status":"open","sticky":false,"template":"","format":"standard","meta":{"footnotes":""},"categories":[612,19],"tags":[1571,1572,1573,1574,1575,1576,1577,1578],"class_list":["post-2752","post","type-post","status-publish","format-standard","has-post-thumbnail","hentry","category-people","category-selection","tag-anne-aymone-giscard-destaing","tag-bernadette-chirac","tag-carla-bruni-sarkozy","tag-cecilia-sarkozy","tag-claude-pompidou","tag-danielle-mitterrand","tag-premiere-dame-de-france","tag-yvonne-de-gaulle","has-thumbnail"],"_links":{"self":[{"href":"https:\/\/acoeurparcoeur.com\/index.php?rest_route=\/wp\/v2\/posts\/2752","targetHints":{"allow":["GET"]}}],"collection":[{"href":"https:\/\/acoeurparcoeur.com\/index.php?rest_route=\/wp\/v2\/posts"}],"about":[{"href":"https:\/\/acoeurparcoeur.com\/index.php?rest_route=\/wp\/v2\/types\/post"}],"author":[{"embeddable":true,"href":"https:\/\/acoeurparcoeur.com\/index.php?rest_route=\/wp\/v2\/users\/1"}],"replies":[{"embeddable":true,"href":"https:\/\/acoeurparcoeur.com\/index.php?rest_route=%2Fwp%2Fv2%2Fcomments&post=2752"}],"version-history":[{"count":0,"href":"https:\/\/acoeurparcoeur.com\/index.php?rest_route=\/wp\/v2\/posts\/2752\/revisions"}],"wp:featuredmedia":[{"embeddable":true,"href":"https:\/\/acoeurparcoeur.com\/index.php?rest_route=\/wp\/v2\/media\/2753"}],"wp:attachment":[{"href":"https:\/\/acoeurparcoeur.com\/index.php?rest_route=%2Fwp%2Fv2%2Fmedia&parent=2752"}],"wp:term":[{"taxonomy":"category","embeddable":true,"href":"https:\/\/acoeurparcoeur.com\/index.php?rest_route=%2Fwp%2Fv2%2Fcategories&post=2752"},{"taxonomy":"post_tag","embeddable":true,"href":"https:\/\/acoeurparcoeur.com\/index.php?rest_route=%2Fwp%2Fv2%2Ftags&post=2752"}],"curies":[{"name":"wp","href":"https:\/\/api.w.org\/{rel}","templated":true}]}}