{"id":254,"date":"2010-11-12T17:56:29","date_gmt":"2010-11-12T17:56:29","guid":{"rendered":"http:\/\/acoeurparcoeur.com\/?p=254"},"modified":"2010-11-12T17:56:29","modified_gmt":"2010-11-12T17:56:29","slug":"le-baiser","status":"publish","type":"post","link":"https:\/\/acoeurparcoeur.com\/?p=254","title":{"rendered":"Le Baiser ?"},"content":{"rendered":"<p>Qui ? <strong>Gustav Klimt<\/strong>.<br \/>\nQuand ? <strong>1908<\/strong>.<br \/>\nO\u00f9 ? <strong>Palais du Belv\u00e9d\u00e8re<\/strong>, <strong>Vienne<\/strong>.<\/p>\n","protected":false},"excerpt":{"rendered":"<p>Quel peintre ? Dans quel mus\u00e9e ?<\/p>\n","protected":false},"author":1,"featured_media":255,"comment_status":"open","ping_status":"open","sticky":false,"template":"","format":"standard","meta":{"footnotes":""},"categories":[60],"tags":[153,154,155,156,157,118],"class_list":["post-254","post","type-post","status-publish","format-standard","has-post-thumbnail","hentry","category-peinture","tag-153","tag-klimt","tag-le-baiser","tag-palais-du-belvedere","tag-vienne","tag-xxe-siecle","has-thumbnail"],"_links":{"self":[{"href":"https:\/\/acoeurparcoeur.com\/index.php?rest_route=\/wp\/v2\/posts\/254","targetHints":{"allow":["GET"]}}],"collection":[{"href":"https:\/\/acoeurparcoeur.com\/index.php?rest_route=\/wp\/v2\/posts"}],"about":[{"href":"https:\/\/acoeurparcoeur.com\/index.php?rest_route=\/wp\/v2\/types\/post"}],"author":[{"embeddable":true,"href":"https:\/\/acoeurparcoeur.com\/index.php?rest_route=\/wp\/v2\/users\/1"}],"replies":[{"embeddable":true,"href":"https:\/\/acoeurparcoeur.com\/index.php?rest_route=%2Fwp%2Fv2%2Fcomments&post=254"}],"version-history":[{"count":0,"href":"https:\/\/acoeurparcoeur.com\/index.php?rest_route=\/wp\/v2\/posts\/254\/revisions"}],"wp:featuredmedia":[{"embeddable":true,"href":"https:\/\/acoeurparcoeur.com\/index.php?rest_route=\/wp\/v2\/media\/255"}],"wp:attachment":[{"href":"https:\/\/acoeurparcoeur.com\/index.php?rest_route=%2Fwp%2Fv2%2Fmedia&parent=254"}],"wp:term":[{"taxonomy":"category","embeddable":true,"href":"https:\/\/acoeurparcoeur.com\/index.php?rest_route=%2Fwp%2Fv2%2Fcategories&post=254"},{"taxonomy":"post_tag","embeddable":true,"href":"https:\/\/acoeurparcoeur.com\/index.php?rest_route=%2Fwp%2Fv2%2Ftags&post=254"}],"curies":[{"name":"wp","href":"https:\/\/api.w.org\/{rel}","templated":true}]}}