{"id":2415,"date":"2012-10-16T11:34:30","date_gmt":"2012-10-16T11:34:30","guid":{"rendered":"http:\/\/acoeurparcoeur.com\/?p=2415"},"modified":"2012-10-16T11:34:30","modified_gmt":"2012-10-16T11:34:30","slug":"les-conquerants","status":"publish","type":"post","link":"https:\/\/acoeurparcoeur.com\/?p=2415","title":{"rendered":"Les Conqu\u00e9rants ?"},"content":{"rendered":"<p>Comme un vol de <strong>gerfauts<\/strong> hors du charnier natal,<br \/>\nFatigu\u00e9s de porter leurs mis\u00e8res hautaines,<br \/>\nDe <strong>Palos de Moguer<\/strong>, routiers et capitaines<br \/>\nPartaient, ivres d&rsquo;un r\u00eave h\u00e9ro\u00efque et brutal.<\/p>\n<p>Ils allaient conqu\u00e9rir le fabuleux m\u00e9tal<br \/>\nQue <strong>Cipango<\/strong> m\u00fbrit dans ses mines lointaines,<br \/>\nEt les vents <strong>aliz\u00e9s<\/strong> inclinaient leurs antennes<br \/>\nAux bords myst\u00e9rieux du monde <strong>Occidental<\/strong>.<\/p>\n<p>Chaque soir, esp\u00e9rant des lendemains \u00e9piques,<br \/>\nL&rsquo;<strong>azur<\/strong> phosphorescent de la mer des <strong>Tropiques<\/strong><br \/>\nEnchantait leur sommeil d&rsquo;un mirage dor\u00e9 ;<\/p>\n<p>Ou pench\u00e9s \u00e0 l&rsquo;avant des <strong>blanches<\/strong> caravelles,<br \/>\nIls regardaient monter en un ciel ignor\u00e9<br \/>\nDu fond de l&rsquo;<strong>Oc\u00e9an<\/strong> des \u00e9toiles nouvelles.<\/p>\n<p>Jos\u00e9-Maria de <strong>Heredia<\/strong> (Les Troph\u00e9es).<\/p>\n","protected":false},"excerpt":{"rendered":"<p>Quel po\u00e8te ? Quels animaux ? Quelle ville ? Quel pays ? Quels vents ? Quelle couleur ?<\/p>\n","protected":false},"author":1,"featured_media":2416,"comment_status":"open","ping_status":"open","sticky":false,"template":"","format":"standard","meta":{"footnotes":""},"categories":[18,19],"tags":[1376,1377,1378,1379,1380],"class_list":["post-2415","post","type-post","status-publish","format-standard","has-post-thumbnail","hentry","category-poesie","category-selection","tag-alize","tag-cipango","tag-faucon-gerfaut","tag-jose-maria-de-heredia","tag-palos-de-la-frontera","has-thumbnail"],"_links":{"self":[{"href":"https:\/\/acoeurparcoeur.com\/index.php?rest_route=\/wp\/v2\/posts\/2415","targetHints":{"allow":["GET"]}}],"collection":[{"href":"https:\/\/acoeurparcoeur.com\/index.php?rest_route=\/wp\/v2\/posts"}],"about":[{"href":"https:\/\/acoeurparcoeur.com\/index.php?rest_route=\/wp\/v2\/types\/post"}],"author":[{"embeddable":true,"href":"https:\/\/acoeurparcoeur.com\/index.php?rest_route=\/wp\/v2\/users\/1"}],"replies":[{"embeddable":true,"href":"https:\/\/acoeurparcoeur.com\/index.php?rest_route=%2Fwp%2Fv2%2Fcomments&post=2415"}],"version-history":[{"count":0,"href":"https:\/\/acoeurparcoeur.com\/index.php?rest_route=\/wp\/v2\/posts\/2415\/revisions"}],"wp:featuredmedia":[{"embeddable":true,"href":"https:\/\/acoeurparcoeur.com\/index.php?rest_route=\/wp\/v2\/media\/2416"}],"wp:attachment":[{"href":"https:\/\/acoeurparcoeur.com\/index.php?rest_route=%2Fwp%2Fv2%2Fmedia&parent=2415"}],"wp:term":[{"taxonomy":"category","embeddable":true,"href":"https:\/\/acoeurparcoeur.com\/index.php?rest_route=%2Fwp%2Fv2%2Fcategories&post=2415"},{"taxonomy":"post_tag","embeddable":true,"href":"https:\/\/acoeurparcoeur.com\/index.php?rest_route=%2Fwp%2Fv2%2Ftags&post=2415"}],"curies":[{"name":"wp","href":"https:\/\/api.w.org\/{rel}","templated":true}]}}