{"id":2393,"date":"2012-10-04T22:28:13","date_gmt":"2012-10-04T22:28:13","guid":{"rendered":"http:\/\/acoeurparcoeur.com\/?p=2393"},"modified":"2012-10-04T22:28:13","modified_gmt":"2012-10-04T22:28:13","slug":"le-drapeau-europeen","status":"publish","type":"post","link":"https:\/\/acoeurparcoeur.com\/?p=2393","title":{"rendered":"Le drapeau europ\u00e9en ?"},"content":{"rendered":"<p>L&rsquo;h\u00e9raldique ? Cercle de <strong>12<\/strong> \u00e9toiles d&rsquo;or \u00e0 <strong>5<\/strong> branches sur champ d&rsquo;azur.<br \/>\nLa symbolique ? La <strong>solidarit\u00e9<\/strong> et l\u2019<strong>union<\/strong> entre les peuples.<br \/>\nLes institutions ? Drapeau de l&rsquo;<strong>Union europ\u00e9enne<\/strong> et du <strong>Conseil de l&rsquo;Europe<\/strong>.<br \/>\nLe dessinateur ? Ars\u00e8ne <strong>Heitz<\/strong>, un peintre strasbourgeois.<br \/>\nL&rsquo;inspiration ? La <strong>Vierge Marie<\/strong> appara\u00eet <strong>couronn\u00e9e de 12 \u00e9toiles<\/strong> sur les vitraux de la cath\u00e9drale de Strasbourg.<br \/>\nLa date d&rsquo;adoption ? Par le Conseil de l&rsquo;Europe, le 8 d\u00e9cembre <strong>1955<\/strong>, jour de la f\u00eate de l&rsquo;<strong>Immacul\u00e9e Conception<\/strong>.<\/p>\n<p>La phrase ?<br \/>\nUn signe grandiose est apparu dans le ciel, une <strong>femme<\/strong> rev\u00eatue du soleil, la lune sous ses pieds, et sur sa t\u00eate une <strong>couronne de 12 \u00e9toiles<\/strong>.<br \/>\n(Apocalypse XII, 1)<\/p>\n","protected":false},"excerpt":{"rendered":"<p>Le nombre d&rsquo;\u00e9toiles ? L&rsquo;inspiratrice ? La date de la premi\u00e8re adoption ? La f\u00eate correspondant \u00e0 la date ?<\/p>\n","protected":false},"author":1,"featured_media":2394,"comment_status":"open","ping_status":"open","sticky":false,"template":"","format":"standard","meta":{"footnotes":""},"categories":[92,19],"tags":[1373,1374,698,1375],"class_list":["post-2393","post","type-post","status-publish","format-standard","has-post-thumbnail","hentry","category-politique","category-selection","tag-conseil-de-leurope","tag-immaculee-conception","tag-union-europeenne","tag-vierge-marie","has-thumbnail"],"_links":{"self":[{"href":"https:\/\/acoeurparcoeur.com\/index.php?rest_route=\/wp\/v2\/posts\/2393","targetHints":{"allow":["GET"]}}],"collection":[{"href":"https:\/\/acoeurparcoeur.com\/index.php?rest_route=\/wp\/v2\/posts"}],"about":[{"href":"https:\/\/acoeurparcoeur.com\/index.php?rest_route=\/wp\/v2\/types\/post"}],"author":[{"embeddable":true,"href":"https:\/\/acoeurparcoeur.com\/index.php?rest_route=\/wp\/v2\/users\/1"}],"replies":[{"embeddable":true,"href":"https:\/\/acoeurparcoeur.com\/index.php?rest_route=%2Fwp%2Fv2%2Fcomments&post=2393"}],"version-history":[{"count":0,"href":"https:\/\/acoeurparcoeur.com\/index.php?rest_route=\/wp\/v2\/posts\/2393\/revisions"}],"wp:featuredmedia":[{"embeddable":true,"href":"https:\/\/acoeurparcoeur.com\/index.php?rest_route=\/wp\/v2\/media\/2394"}],"wp:attachment":[{"href":"https:\/\/acoeurparcoeur.com\/index.php?rest_route=%2Fwp%2Fv2%2Fmedia&parent=2393"}],"wp:term":[{"taxonomy":"category","embeddable":true,"href":"https:\/\/acoeurparcoeur.com\/index.php?rest_route=%2Fwp%2Fv2%2Fcategories&post=2393"},{"taxonomy":"post_tag","embeddable":true,"href":"https:\/\/acoeurparcoeur.com\/index.php?rest_route=%2Fwp%2Fv2%2Ftags&post=2393"}],"curies":[{"name":"wp","href":"https:\/\/api.w.org\/{rel}","templated":true}]}}