{"id":2270,"date":"2012-06-19T08:39:06","date_gmt":"2012-06-19T08:39:06","guid":{"rendered":"http:\/\/acoeurparcoeur.com\/?p=2270"},"modified":"2012-06-19T08:39:06","modified_gmt":"2012-06-19T08:39:06","slug":"elections-legislatives-francaises-de-2012","status":"publish","type":"post","link":"https:\/\/acoeurparcoeur.com\/?p=2270","title":{"rendered":"La r\u00e9partition de la nouvelle Assembl\u00e9e nationale fran\u00e7aise de 2012 ?"},"content":{"rendered":"<p>La gauche<\/p>\n<p><strong>Front de gauche<\/strong> (FG): <strong>10<\/strong><br \/>\n<strong>R\u00e9gionalistes<\/strong> (REG): <strong>2<\/strong><br \/>\n<strong>Divers gauche<\/strong> (DVG): <strong>22<\/strong><br \/>\n<strong>Parti socialiste<\/strong> (PS): <strong>280<\/strong><\/p>\n<p>Le centre<\/p>\n<p><strong>Europe \u00c9cologie Les Verts<\/strong> (EELV): <strong>17<\/strong><br \/>\n<strong>Parti radical de gauche<\/strong> (PRG): <strong>12<\/strong><br \/>\n<strong>Mouvement d\u00e9mocrate<\/strong> (MoDem): <strong>2<\/strong><br \/>\n<strong>Alliance centriste<\/strong> (AC): <strong>2<\/strong><br \/>\n<strong>Parti radical valoisien<\/strong> (PRV): <strong>6<\/strong><br \/>\n<strong>Nouveau Centre<\/strong> (NCE): <strong>12<\/strong><\/p>\n<p>La droite<\/p>\n<p><strong>Union pour un mouvement populaire<\/strong> (UMP): <strong>194<\/strong><br \/>\n<strong>Divers droite<\/strong> (DVD): <strong>15<\/strong><br \/>\n<strong>Front national<\/strong> (FN): <strong>2<\/strong><br \/>\n<strong>Extr\u00eame droite<\/strong> (EXD): <strong>1<\/strong><\/p>\n","protected":false},"excerpt":{"rendered":"<p>Les 3 principaux partis ? Le nombre de d\u00e9put\u00e9s ? La gauche ? Le centre ? La droite ?<\/p>\n","protected":false},"author":1,"featured_media":2271,"comment_status":"open","ping_status":"open","sticky":false,"template":"","format":"standard","meta":{"footnotes":""},"categories":[92,19],"tags":[1307,1308],"class_list":["post-2270","post","type-post","status-publish","format-standard","has-post-thumbnail","hentry","category-politique","category-selection","tag-assemblee-nationale","tag-elections-legislatives-francaises-de-2012","has-thumbnail"],"_links":{"self":[{"href":"https:\/\/acoeurparcoeur.com\/index.php?rest_route=\/wp\/v2\/posts\/2270","targetHints":{"allow":["GET"]}}],"collection":[{"href":"https:\/\/acoeurparcoeur.com\/index.php?rest_route=\/wp\/v2\/posts"}],"about":[{"href":"https:\/\/acoeurparcoeur.com\/index.php?rest_route=\/wp\/v2\/types\/post"}],"author":[{"embeddable":true,"href":"https:\/\/acoeurparcoeur.com\/index.php?rest_route=\/wp\/v2\/users\/1"}],"replies":[{"embeddable":true,"href":"https:\/\/acoeurparcoeur.com\/index.php?rest_route=%2Fwp%2Fv2%2Fcomments&post=2270"}],"version-history":[{"count":0,"href":"https:\/\/acoeurparcoeur.com\/index.php?rest_route=\/wp\/v2\/posts\/2270\/revisions"}],"wp:featuredmedia":[{"embeddable":true,"href":"https:\/\/acoeurparcoeur.com\/index.php?rest_route=\/wp\/v2\/media\/2271"}],"wp:attachment":[{"href":"https:\/\/acoeurparcoeur.com\/index.php?rest_route=%2Fwp%2Fv2%2Fmedia&parent=2270"}],"wp:term":[{"taxonomy":"category","embeddable":true,"href":"https:\/\/acoeurparcoeur.com\/index.php?rest_route=%2Fwp%2Fv2%2Fcategories&post=2270"},{"taxonomy":"post_tag","embeddable":true,"href":"https:\/\/acoeurparcoeur.com\/index.php?rest_route=%2Fwp%2Fv2%2Ftags&post=2270"}],"curies":[{"name":"wp","href":"https:\/\/api.w.org\/{rel}","templated":true}]}}