{"id":2227,"date":"2012-06-05T08:44:37","date_gmt":"2012-06-05T08:44:37","guid":{"rendered":"http:\/\/acoeurparcoeur.com\/?p=2227"},"modified":"2012-06-05T08:44:37","modified_gmt":"2012-06-05T08:44:37","slug":"7-tableaux-du-caravage-a-rome","status":"publish","type":"post","link":"https:\/\/acoeurparcoeur.com\/?p=2227","title":{"rendered":"7 tableaux du Caravage \u00e0 Rome ?"},"content":{"rendered":"<p><strong>David<\/strong> avec la t\u00eate de Goliath, \u00e0 la Galerie Borgh\u00e8se.<br \/>\n<strong>Gar\u00e7on<\/strong> avec un panier de fruits, \u00e0 la Galerie Borgh\u00e8se.<br \/>\nLa Madone des <strong>palefreniers<\/strong>, \u00e0 la galerie Borgh\u00e8se.<br \/>\nLa Madone des <strong>p\u00e8lerins<\/strong>, \u00e0 la basilique Saint-Augustin.<br \/>\nLa vocation de Saint <strong>Matthieu<\/strong> \u00e0 l&rsquo;\u00e9glise Saint-Louis-des-Fran\u00e7ais.<br \/>\n<strong>Narcisse<\/strong>, \u00e0 la Galerie nationale d&rsquo;art ancien.<br \/>\nLe Jeune Saint <strong>Jean-Baptiste<\/strong> au b\u00e9lier, aux Mus\u00e9es du Capitole.<\/p>\n<div id='gallery-1' class='gallery galleryid-2227 gallery-columns-4 gallery-size-thumbnail'><figure class='gallery-item'>\n\t\t\t<div class='gallery-icon portrait'>\n\t\t\t\t<a href='https:\/\/acoeurparcoeur.com\/wp-content\/uploads\/2012\/06\/Caravaggio-Madonna_dei_Palafrenieri-1.jpg'><img loading=\"lazy\" decoding=\"async\" width=\"150\" height=\"150\" src=\"https:\/\/acoeurparcoeur.com\/wp-content\/uploads\/2012\/06\/Caravaggio-Madonna_dei_Palafrenieri-1-150x150.jpg\" class=\"attachment-thumbnail size-thumbnail\" alt=\"\" \/><\/a>\n\t\t\t<\/div><\/figure><figure class='gallery-item'>\n\t\t\t<div class='gallery-icon portrait'>\n\t\t\t\t<a href='https:\/\/acoeurparcoeur.com\/wp-content\/uploads\/2012\/06\/Caravaggio-David_con_la_testa_di_Golia-1.jpg'><img loading=\"lazy\" decoding=\"async\" width=\"150\" height=\"150\" src=\"https:\/\/acoeurparcoeur.com\/wp-content\/uploads\/2012\/06\/Caravaggio-David_con_la_testa_di_Golia-1-150x150.jpg\" class=\"attachment-thumbnail size-thumbnail\" alt=\"\" \/><\/a>\n\t\t\t<\/div><\/figure><figure class='gallery-item'>\n\t\t\t<div class='gallery-icon portrait'>\n\t\t\t\t<a href='https:\/\/acoeurparcoeur.com\/wp-content\/uploads\/2012\/06\/Caravaggio-Fanciullo_con_canestro_di_frutta-1.jpg'><img loading=\"lazy\" decoding=\"async\" width=\"150\" height=\"150\" src=\"https:\/\/acoeurparcoeur.com\/wp-content\/uploads\/2012\/06\/Caravaggio-Fanciullo_con_canestro_di_frutta-1-150x150.jpg\" class=\"attachment-thumbnail size-thumbnail\" alt=\"\" \/><\/a>\n\t\t\t<\/div><\/figure><figure class='gallery-item'>\n\t\t\t<div class='gallery-icon portrait'>\n\t\t\t\t<a href='https:\/\/acoeurparcoeur.com\/wp-content\/uploads\/2012\/06\/Caravaggio-Giovane_con_un_montone-1.jpg'><img loading=\"lazy\" decoding=\"async\" width=\"150\" height=\"150\" src=\"https:\/\/acoeurparcoeur.com\/wp-content\/uploads\/2012\/06\/Caravaggio-Giovane_con_un_montone-1-150x150.jpg\" class=\"attachment-thumbnail size-thumbnail\" alt=\"\" \/><\/a>\n\t\t\t<\/div><\/figure><figure class='gallery-item'>\n\t\t\t<div class='gallery-icon portrait'>\n\t\t\t\t<a href='https:\/\/acoeurparcoeur.com\/wp-content\/uploads\/2012\/06\/Caravaggio-Madonna_dei_Pellegrini-1.jpg'><img loading=\"lazy\" decoding=\"async\" width=\"150\" height=\"150\" src=\"https:\/\/acoeurparcoeur.com\/wp-content\/uploads\/2012\/06\/Caravaggio-Madonna_dei_Pellegrini-1-150x150.jpg\" class=\"attachment-thumbnail size-thumbnail\" alt=\"\" \/><\/a>\n\t\t\t<\/div><\/figure><figure class='gallery-item'>\n\t\t\t<div class='gallery-icon portrait'>\n\t\t\t\t<a href='https:\/\/acoeurparcoeur.com\/wp-content\/uploads\/2012\/06\/Caravaggio-Narciso-1.jpg'><img loading=\"lazy\" decoding=\"async\" width=\"150\" height=\"150\" src=\"https:\/\/acoeurparcoeur.com\/wp-content\/uploads\/2012\/06\/Caravaggio-Narciso-1-150x150.jpg\" class=\"attachment-thumbnail size-thumbnail\" alt=\"\" \/><\/a>\n\t\t\t<\/div><\/figure><figure class='gallery-item'>\n\t\t\t<div class='gallery-icon landscape'>\n\t\t\t\t<a href='https:\/\/acoeurparcoeur.com\/wp-content\/uploads\/2012\/06\/Caravaggio-La_vocazione_di_San_Matteo-1.jpg'><img loading=\"lazy\" decoding=\"async\" width=\"150\" height=\"150\" src=\"https:\/\/acoeurparcoeur.com\/wp-content\/uploads\/2012\/06\/Caravaggio-La_vocazione_di_San_Matteo-1-150x150.jpg\" class=\"attachment-thumbnail size-thumbnail\" alt=\"\" \/><\/a>\n\t\t\t<\/div><\/figure>\n\t\t<\/div>\n\n<p>Le Caravage ? Un peintre italien n\u00e9 en <strong>1571<\/strong> \u00e0 Milan, mort en <strong>1610<\/strong> \u00e0 Porto Ercole.<\/p>\n<p>Son nom en italien ? Michelangelo Merisi da <strong>Caravaggio<\/strong>.<\/p>\n<p>Une pens\u00e9e du Caravage ? Quando non c&rsquo;\u00e8 <strong>energia<\/strong> non c&rsquo;\u00e8 <strong>colore<\/strong>, non c&rsquo;\u00e8 <strong>forma<\/strong>, non c&rsquo;\u00e8 <strong>vita<\/strong>.<\/p>\n<p>Les 7 tableaux en italien ?<\/p>\n<p>Narcisse, <strong>Narciso<\/strong><br \/>\nLa Vocation de Saint Matthieu, <strong>Vocazione di san Matteo<\/strong><br \/>\nLa Madone des p\u00e8lerins, <strong>Madonna dei Pellegrini<\/strong><br \/>\nLa Madone des palefreniers, <strong>Madonna dei Palafrenieri<\/strong><br \/>\nDavid avec la t\u00eate de Goliath, <strong>David con la testa di Golia<\/strong><br \/>\nLe Jeune Saint Jean-Baptiste au b\u00e9lier,<br \/>\n<strong>Giovane con un montone<\/strong><br \/>\nGar\u00e7on avec un panier de fruits,<br \/>\n<strong>Fanciullo con canestro di frutta<\/strong><\/p>\n<p>La balade romantique ?<\/p>\n<p>httpv:\/\/youtu.be\/YOyqrUttPNs<\/p>\n","protected":false},"excerpt":{"rendered":"<p>3 \u00e0 la Galerie Borgh\u00e8se ? A l&rsquo;\u00e9glise Saint-Louis-des-Fran\u00e7ais ? A la Galerie nationale d&rsquo;art ancien ? Aux Mus\u00e9es du Capitole ? A la basilique Saint-Augustin ?<\/p>\n","protected":false},"author":1,"featured_media":2228,"comment_status":"open","ping_status":"open","sticky":false,"template":"","format":"standard","meta":{"footnotes":""},"categories":[60,19],"tags":[674,675,248],"class_list":["post-2227","post","type-post","status-publish","format-standard","has-post-thumbnail","hentry","category-peinture","category-selection","tag-caravage","tag-galerie-borghese","tag-rome","has-thumbnail"],"_links":{"self":[{"href":"https:\/\/acoeurparcoeur.com\/index.php?rest_route=\/wp\/v2\/posts\/2227","targetHints":{"allow":["GET"]}}],"collection":[{"href":"https:\/\/acoeurparcoeur.com\/index.php?rest_route=\/wp\/v2\/posts"}],"about":[{"href":"https:\/\/acoeurparcoeur.com\/index.php?rest_route=\/wp\/v2\/types\/post"}],"author":[{"embeddable":true,"href":"https:\/\/acoeurparcoeur.com\/index.php?rest_route=\/wp\/v2\/users\/1"}],"replies":[{"embeddable":true,"href":"https:\/\/acoeurparcoeur.com\/index.php?rest_route=%2Fwp%2Fv2%2Fcomments&post=2227"}],"version-history":[{"count":0,"href":"https:\/\/acoeurparcoeur.com\/index.php?rest_route=\/wp\/v2\/posts\/2227\/revisions"}],"wp:featuredmedia":[{"embeddable":true,"href":"https:\/\/acoeurparcoeur.com\/index.php?rest_route=\/wp\/v2\/media\/2228"}],"wp:attachment":[{"href":"https:\/\/acoeurparcoeur.com\/index.php?rest_route=%2Fwp%2Fv2%2Fmedia&parent=2227"}],"wp:term":[{"taxonomy":"category","embeddable":true,"href":"https:\/\/acoeurparcoeur.com\/index.php?rest_route=%2Fwp%2Fv2%2Fcategories&post=2227"},{"taxonomy":"post_tag","embeddable":true,"href":"https:\/\/acoeurparcoeur.com\/index.php?rest_route=%2Fwp%2Fv2%2Ftags&post=2227"}],"curies":[{"name":"wp","href":"https:\/\/api.w.org\/{rel}","templated":true}]}}