{"id":2053,"date":"2017-03-14T00:21:56","date_gmt":"2017-03-14T00:21:56","guid":{"rendered":"http:\/\/acoeurparcoeur.com\/?p=2053"},"modified":"2017-03-14T00:21:56","modified_gmt":"2017-03-14T00:21:56","slug":"les-iles-baleares","status":"publish","type":"post","link":"https:\/\/acoeurparcoeur.com\/?p=2053","title":{"rendered":"Les 5 \u00eeles principales des Bal\u00e9ares ?"},"content":{"rendered":"<p>Les Iles Bal\u00e9ares forment un archipel situ\u00e9 en mer M\u00e9diterran\u00e9e comprenant 5 \u00eeles principales: M<strong>ajorque<\/strong>, M<strong>inorque<\/strong>, I<strong>biza<\/strong>, F<strong>ormentera<\/strong>, et C<strong>abrera<\/strong>.<\/p>\n<p>En version originale: M<strong>allorca<\/strong>, M<strong>enorca<\/strong>, I<strong>biza<\/strong>.<\/p>\n<p><em>Une anecdote:<br \/>\n<\/em><\/p>\n<p><em>Fr\u00e9d\u00e9ric <strong>Chopin<\/strong> a compos\u00e9 ses <strong>Pr\u00e9ludes<\/strong> lors d&rsquo;un s\u00e9jour \u00e0 <strong>Majorque<\/strong> avec <strong>George Sand<\/strong>. Ils ont s\u00e9journ\u00e9 \u00e0 la Chartreuse de <strong>Valldemossa<\/strong> durant l&rsquo;hiver 1838-1839.<br \/>\n<\/em><\/p>\n<p><em>A \u00e9couter:<\/em><\/p>\n<p><em>Le Pr\u00e9lude n\u00b04 en mi mineur de Chopin <a href=\"https:\/\/www.youtube.com\/watch?v=FuPGDnzTx5Y\">par Khatia Buniatishvili<\/a>.<\/em><\/p>\n","protected":false},"excerpt":{"rendered":"<p>M. M. I. F. C. ? Dans quelle \u00eele Fr\u00e9d\u00e9ric Chopin et George Sand ont-ils s\u00e9journ\u00e9 ? Le nom du monast\u00e8re ?<\/p>\n","protected":false},"author":1,"featured_media":2054,"comment_status":"open","ping_status":"open","sticky":false,"template":"","format":"standard","meta":{"footnotes":""},"categories":[7,19],"tags":[1886,1887,1888,1889,1890,1891],"class_list":["post-2053","post","type-post","status-publish","format-standard","has-post-thumbnail","hentry","category-geographie","category-selection","tag-cabrera","tag-formentera","tag-ibiza","tag-iles-baleares","tag-majorque","tag-minorque","has-thumbnail"],"_links":{"self":[{"href":"https:\/\/acoeurparcoeur.com\/index.php?rest_route=\/wp\/v2\/posts\/2053","targetHints":{"allow":["GET"]}}],"collection":[{"href":"https:\/\/acoeurparcoeur.com\/index.php?rest_route=\/wp\/v2\/posts"}],"about":[{"href":"https:\/\/acoeurparcoeur.com\/index.php?rest_route=\/wp\/v2\/types\/post"}],"author":[{"embeddable":true,"href":"https:\/\/acoeurparcoeur.com\/index.php?rest_route=\/wp\/v2\/users\/1"}],"replies":[{"embeddable":true,"href":"https:\/\/acoeurparcoeur.com\/index.php?rest_route=%2Fwp%2Fv2%2Fcomments&post=2053"}],"version-history":[{"count":0,"href":"https:\/\/acoeurparcoeur.com\/index.php?rest_route=\/wp\/v2\/posts\/2053\/revisions"}],"wp:featuredmedia":[{"embeddable":true,"href":"https:\/\/acoeurparcoeur.com\/index.php?rest_route=\/wp\/v2\/media\/2054"}],"wp:attachment":[{"href":"https:\/\/acoeurparcoeur.com\/index.php?rest_route=%2Fwp%2Fv2%2Fmedia&parent=2053"}],"wp:term":[{"taxonomy":"category","embeddable":true,"href":"https:\/\/acoeurparcoeur.com\/index.php?rest_route=%2Fwp%2Fv2%2Fcategories&post=2053"},{"taxonomy":"post_tag","embeddable":true,"href":"https:\/\/acoeurparcoeur.com\/index.php?rest_route=%2Fwp%2Fv2%2Ftags&post=2053"}],"curies":[{"name":"wp","href":"https:\/\/api.w.org\/{rel}","templated":true}]}}