{"id":1912,"date":"2011-12-04T17:57:22","date_gmt":"2011-12-04T17:57:22","guid":{"rendered":"http:\/\/acoeurparcoeur.com\/?p=1912"},"modified":"2011-12-04T17:57:22","modified_gmt":"2011-12-04T17:57:22","slug":"le-marche-de-noel-de-strasbourg","status":"publish","type":"post","link":"https:\/\/acoeurparcoeur.com\/?p=1912","title":{"rendered":"Le march\u00e9 de No\u00ebl de Strasbourg ?"},"content":{"rendered":"<p>En alsacien ? <strong>Christkindelsm\u00e4rik<\/strong> (march\u00e9 de l\u2019enfant J\u00e9sus).<br \/>\nDepuis quelle ann\u00e9e ? <strong>1570<\/strong>.<br \/>\nQuelle p\u00e9riode ? d\u00e9bute le premier samedi de l\u2019<strong>Avent<\/strong> pour s\u2018achever le <strong>31<\/strong> d\u00e9cembre.<br \/>\nA quel endroit ? tout autour de la <strong>Cath\u00e9drale<\/strong> et dans la <strong>Petite France<\/strong>.<br \/>\nA l&rsquo;origine ? march\u00e9 <strong>Saint-Nicolas<\/strong>, patron des \u00e9coliers.<br \/>\nSp\u00e9cialit\u00e9s ? <strong>d\u00e9corations<\/strong> de No\u00ebl, pain d\u2019<strong>\u00e9pices<\/strong>, <strong>vin<\/strong> chaud, petits g\u00e2teaux traditionnels (<strong>Bredele<\/strong>).<br \/>\nLe sapin g\u00e9ant ? originaire des <strong>Vosges<\/strong>, plant\u00e9 place <strong>Kl\u00e9ber<\/strong>, la place centrale de la ville.<\/p>\n<p>httpvp:\/\/www.youtube.com\/view_play_list?p=ABE18CA4BC098279<\/p>\n","protected":false},"excerpt":{"rendered":"<p>Depuis quand ? Quelle p\u00e9riode ? En alsacien ?<\/p>\n","protected":false},"author":1,"featured_media":1913,"comment_status":"open","ping_status":"open","sticky":false,"template":"","format":"standard","meta":{"footnotes":""},"categories":[1159,19],"tags":[1157,1158,1160,1161,1162,1087],"class_list":["post-1912","post","type-post","status-publish","format-standard","has-post-thumbnail","hentry","category-fete","category-selection","tag-avent","tag-bredele","tag-marche-de-noel","tag-petite-france","tag-saint-nicolas","tag-strasbourg","has-thumbnail"],"_links":{"self":[{"href":"https:\/\/acoeurparcoeur.com\/index.php?rest_route=\/wp\/v2\/posts\/1912","targetHints":{"allow":["GET"]}}],"collection":[{"href":"https:\/\/acoeurparcoeur.com\/index.php?rest_route=\/wp\/v2\/posts"}],"about":[{"href":"https:\/\/acoeurparcoeur.com\/index.php?rest_route=\/wp\/v2\/types\/post"}],"author":[{"embeddable":true,"href":"https:\/\/acoeurparcoeur.com\/index.php?rest_route=\/wp\/v2\/users\/1"}],"replies":[{"embeddable":true,"href":"https:\/\/acoeurparcoeur.com\/index.php?rest_route=%2Fwp%2Fv2%2Fcomments&post=1912"}],"version-history":[{"count":0,"href":"https:\/\/acoeurparcoeur.com\/index.php?rest_route=\/wp\/v2\/posts\/1912\/revisions"}],"wp:featuredmedia":[{"embeddable":true,"href":"https:\/\/acoeurparcoeur.com\/index.php?rest_route=\/wp\/v2\/media\/1913"}],"wp:attachment":[{"href":"https:\/\/acoeurparcoeur.com\/index.php?rest_route=%2Fwp%2Fv2%2Fmedia&parent=1912"}],"wp:term":[{"taxonomy":"category","embeddable":true,"href":"https:\/\/acoeurparcoeur.com\/index.php?rest_route=%2Fwp%2Fv2%2Fcategories&post=1912"},{"taxonomy":"post_tag","embeddable":true,"href":"https:\/\/acoeurparcoeur.com\/index.php?rest_route=%2Fwp%2Fv2%2Ftags&post=1912"}],"curies":[{"name":"wp","href":"https:\/\/api.w.org\/{rel}","templated":true}]}}