{"id":1837,"date":"2012-05-29T09:17:37","date_gmt":"2012-05-29T09:17:37","guid":{"rendered":"http:\/\/acoeurparcoeur.com\/?p=1837"},"modified":"2012-05-29T09:17:37","modified_gmt":"2012-05-29T09:17:37","slug":"les-chateaux-de-louis-ii-de-baviere","status":"publish","type":"post","link":"https:\/\/acoeurparcoeur.com\/?p=1837","title":{"rendered":"Les ch\u00e2teaux de Louis II de Bavi\u00e8re ?"},"content":{"rendered":"<p>&#8211; <strong>Hohenschwangau<\/strong>, celui du p\u00e8re.<br \/>\n&#8211; <strong>Herrenchiemsee<\/strong>, d&rsquo;apr\u00e8s Versailles.<br \/>\n&#8211; <strong>Linderhof<\/strong>, au style rococo.<br \/>\n&#8211; <strong>Neuschwanstein<\/strong>, le plus c\u00e9l\u00e8bre.<\/p>\n<p>Un petit lexique allemand:<br \/>\n&#8211; <strong>der Herr<\/strong>: monsieur, seigneur, ma\u00eetre.<br \/>\n&#8211; <strong>hoch, hohe<\/strong>: haut.<br \/>\n&#8211; <strong>der Hof<\/strong>: la cour.<br \/>\n&#8211; <strong>der Schwan<\/strong>: le cygne.<br \/>\n&#8211; <strong>der See<\/strong>: le lac.<br \/>\n&#8211; <strong>die See<\/strong>: la mer.<br \/>\n&#8211; <strong>der Stein<\/strong>: la pierre.<\/p>\n<p>Le r\u00e9bus: nouveau <strong>Neu<\/strong> cygne <strong>Schwan<\/strong> pierre <strong>Stein<\/strong><strong><\/strong><\/p>\n<p><em>La c\u00e9l\u00e8bre phrase du roi Louis II de Bavi\u00e8re:<\/em><br \/>\nJe souhaite rester une \u00e9ternelle <strong>\u00e9nigme<\/strong> pour <strong>moi<\/strong> et pour les <strong>autres<\/strong>.<br \/>\n<em>(Ein ewiges R\u00e4tsel will ich bleiben mir und anderen)<\/em><\/p>\n<p><em>Une balade romantique:<\/em><\/p>\n<p>httpv:\/\/www.youtube.com\/watch?v=yTaJgI5Q3Cc<\/p>\n","protected":false},"excerpt":{"rendered":"<p>L&rsquo;h\u00e9ritage du p\u00e8re ? La copie de Versailles ? Le ch\u00e2teau rococo ? Le plus c\u00e9l\u00e8bre ?<\/p>\n","protected":false},"author":1,"featured_media":2216,"comment_status":"open","ping_status":"open","sticky":false,"template":"","format":"standard","meta":{"footnotes":""},"categories":[13,19],"tags":[847,1274,1275,1276,1138,1277,20],"class_list":["post-1837","post","type-post","status-publish","format-standard","has-post-thumbnail","hentry","category-architecture","category-selection","tag-allemagne","tag-herrenchiemsee","tag-hohenschwangau","tag-linderhof","tag-louis-ii-de-baviere","tag-neuschwanstein","tag-xixe-siecle","has-thumbnail"],"_links":{"self":[{"href":"https:\/\/acoeurparcoeur.com\/index.php?rest_route=\/wp\/v2\/posts\/1837","targetHints":{"allow":["GET"]}}],"collection":[{"href":"https:\/\/acoeurparcoeur.com\/index.php?rest_route=\/wp\/v2\/posts"}],"about":[{"href":"https:\/\/acoeurparcoeur.com\/index.php?rest_route=\/wp\/v2\/types\/post"}],"author":[{"embeddable":true,"href":"https:\/\/acoeurparcoeur.com\/index.php?rest_route=\/wp\/v2\/users\/1"}],"replies":[{"embeddable":true,"href":"https:\/\/acoeurparcoeur.com\/index.php?rest_route=%2Fwp%2Fv2%2Fcomments&post=1837"}],"version-history":[{"count":0,"href":"https:\/\/acoeurparcoeur.com\/index.php?rest_route=\/wp\/v2\/posts\/1837\/revisions"}],"wp:featuredmedia":[{"embeddable":true,"href":"https:\/\/acoeurparcoeur.com\/index.php?rest_route=\/wp\/v2\/media\/2216"}],"wp:attachment":[{"href":"https:\/\/acoeurparcoeur.com\/index.php?rest_route=%2Fwp%2Fv2%2Fmedia&parent=1837"}],"wp:term":[{"taxonomy":"category","embeddable":true,"href":"https:\/\/acoeurparcoeur.com\/index.php?rest_route=%2Fwp%2Fv2%2Fcategories&post=1837"},{"taxonomy":"post_tag","embeddable":true,"href":"https:\/\/acoeurparcoeur.com\/index.php?rest_route=%2Fwp%2Fv2%2Ftags&post=1837"}],"curies":[{"name":"wp","href":"https:\/\/api.w.org\/{rel}","templated":true}]}}