{"id":1625,"date":"2011-07-08T20:17:49","date_gmt":"2011-07-08T20:17:49","guid":{"rendered":"http:\/\/acoeurparcoeur.com\/?p=1625"},"modified":"2011-07-08T20:17:49","modified_gmt":"2011-07-08T20:17:49","slug":"les-etapes-du-tour-de-france-2011","status":"publish","type":"post","link":"https:\/\/acoeurparcoeur.com\/?p=1625","title":{"rendered":"Les \u00e9tapes du Tour de France 2011 ?"},"content":{"rendered":"<p>&#8211; 2 juillet: Passage du Gois \u2013 <strong>Mont des Alouettes<\/strong><br \/>\n&#8211; 3 juillet: <strong>Les Essarts<\/strong> (contre-la-montre)<br \/>\n&#8211; 4 juillet: Olonne-sur-Mer \u2013 <strong>Redon<\/strong><br \/>\n&#8211; 5 juillet: Lorient \u2013 <strong>M\u00fbr-de-Bretagne<\/strong><br \/>\n&#8211; 6 juillet: Carhaix-Plouguer \u2013 <strong>Cap Fr\u00e9hel<\/strong><br \/>\n&#8211; 7 juillet: Dinan \u2013 <strong>Lisieux<\/strong><br \/>\n&#8211; 8 juillet: Le Mans \u2013 <strong>Ch\u00e2teauroux<\/strong><br \/>\n&#8211; 9 juillet: Aigurande \u2013 <strong>Super-Besse<\/strong><br \/>\n&#8211; 10 juillet: Issoire \u2013 <strong>Saint-Flour<\/strong><br \/>\n<em>&#8211; 11 juillet: journ\u00e9e de repos au Lioran<\/em><br \/>\n&#8211; 12 juillet: Aurillac \u2013 <strong>Carmaux<\/strong><br \/>\n&#8211; 13 juillet: Blaye-les-Mines \u2013 <strong>Lavaur<\/strong><br \/>\n&#8211; 14 juillet: Cugnaux \u2013 <strong>Luz-Ardiden<\/strong><br \/>\n&#8211; 15 juillet: Pau \u2013 <strong>Lourdes<\/strong><br \/>\n&#8211; 16 juillet: Saint-Gaudens \u2013 <strong>Plateau de Beille<\/strong><br \/>\n&#8211; 17 juillet: Limoux \u2013 <strong>Montpellier<\/strong><br \/>\n<em>&#8211; 18 juillet: journ\u00e9e de repos dans le d\u00e9partement de la Dr\u00f4me<\/em><br \/>\n&#8211; 19 juillet: Saint-Paul-Trois-Ch\u00e2teaux \u2013 <strong>Gap<\/strong><br \/>\n&#8211; 20 juillet: <strong>Gap<\/strong> \u2013 Pinerolo (Italie)<br \/>\n&#8211; 21 juillet: Pinerolo (Italie) \u2013 <strong>Galibier-Serre Chevalier<\/strong><br \/>\n&#8211; 22 juillet: Modane \u2013 <strong>L&rsquo;Alpe d&rsquo;Huez<\/strong><br \/>\n&#8211; 23 juillet: <strong>Grenoble<\/strong> (contre-la-montre)<br \/>\n&#8211; 24 juillet: Cr\u00e9teil \u2013 Paris (Champs-\u00c9lys\u00e9es)<\/p>\n","protected":false},"excerpt":{"rendered":"<p>Lorient &#8211; ? Dinan &#8211; ?  Issoire &#8211; ? Pau &#8211; ? Limoux &#8211; ?<\/p>\n","protected":false},"author":1,"featured_media":1626,"comment_status":"open","ping_status":"open","sticky":false,"template":"","format":"standard","meta":{"footnotes":""},"categories":[19,3],"tags":[977,978,979,980,981,982,983,984,985,986,987,988,989,990,991,992,993,994,995,996,997,998,999,1000,1001,1002,1003,1004,1005,1006,1007,53,1008,1009,1010,1011,1012,1013,1014,1015,1016,1017,1018],"class_list":["post-1625","post","type-post","status-publish","format-standard","has-post-thumbnail","hentry","category-selection","category-sport","tag-aigurande","tag-aurillac","tag-blaye-les-mines","tag-cap-frehel","tag-carhaix-plouguer","tag-carmaux","tag-champs-elysees","tag-chateauroux","tag-col-du-galibier","tag-creteil","tag-cugnaux","tag-dinan","tag-drome","tag-gap","tag-grenoble","tag-issoire","tag-lalpe-dhuez","tag-lavaur","tag-le-lioran","tag-le-mans","tag-les-essarts","tag-limoux","tag-lisieux","tag-lorient","tag-lourdes","tag-luz-ardiden","tag-modane","tag-mont-des-alouettes","tag-montpellier","tag-mur-de-bretagne","tag-olonne-sur-mer","tag-paris","tag-passage-du-gois","tag-pau","tag-pinerolo","tag-plateau-de-beille","tag-redon","tag-saint-flour","tag-saint-gaudens","tag-saint-paul-trois-chateaux","tag-serre-chevalier","tag-super-besse","tag-tour-de-france","has-thumbnail"],"_links":{"self":[{"href":"https:\/\/acoeurparcoeur.com\/index.php?rest_route=\/wp\/v2\/posts\/1625","targetHints":{"allow":["GET"]}}],"collection":[{"href":"https:\/\/acoeurparcoeur.com\/index.php?rest_route=\/wp\/v2\/posts"}],"about":[{"href":"https:\/\/acoeurparcoeur.com\/index.php?rest_route=\/wp\/v2\/types\/post"}],"author":[{"embeddable":true,"href":"https:\/\/acoeurparcoeur.com\/index.php?rest_route=\/wp\/v2\/users\/1"}],"replies":[{"embeddable":true,"href":"https:\/\/acoeurparcoeur.com\/index.php?rest_route=%2Fwp%2Fv2%2Fcomments&post=1625"}],"version-history":[{"count":0,"href":"https:\/\/acoeurparcoeur.com\/index.php?rest_route=\/wp\/v2\/posts\/1625\/revisions"}],"wp:featuredmedia":[{"embeddable":true,"href":"https:\/\/acoeurparcoeur.com\/index.php?rest_route=\/wp\/v2\/media\/1626"}],"wp:attachment":[{"href":"https:\/\/acoeurparcoeur.com\/index.php?rest_route=%2Fwp%2Fv2%2Fmedia&parent=1625"}],"wp:term":[{"taxonomy":"category","embeddable":true,"href":"https:\/\/acoeurparcoeur.com\/index.php?rest_route=%2Fwp%2Fv2%2Fcategories&post=1625"},{"taxonomy":"post_tag","embeddable":true,"href":"https:\/\/acoeurparcoeur.com\/index.php?rest_route=%2Fwp%2Fv2%2Ftags&post=1625"}],"curies":[{"name":"wp","href":"https:\/\/api.w.org\/{rel}","templated":true}]}}