{"id":1266,"date":"2011-03-08T10:40:27","date_gmt":"2011-03-08T10:40:27","guid":{"rendered":"http:\/\/acoeurparcoeur.com\/?p=1266"},"modified":"2011-03-08T10:40:27","modified_gmt":"2011-03-08T10:40:27","slug":"les-7-celebrites-du-gouvernement-fillon-3","status":"publish","type":"post","link":"https:\/\/acoeurparcoeur.com\/?p=1266","title":{"rendered":"Les 7 principaux ministres du gouvernement Fillon (3) ?"},"content":{"rendered":"<p><strong>Fran\u00e7ois Fillon<\/strong>, Premier ministre<br \/>\n<strong>Alain Jupp\u00e9<\/strong>, ministre des affaires \u00e9trang\u00e8res et europ\u00e9ennes<br \/>\n<strong>G\u00e9rard Longuet<\/strong>, ministre de la d\u00e9fense et des anciens combattants<br \/>\n<strong><\/strong><strong>Christine Lagarde<\/strong>, ministre de l\u2019\u00e9conomie, des finances et de l\u2019industrie<br \/>\n<strong>Xavier Bertrand<\/strong>, ministre du travail, de l\u2019emploi et de la sant\u00e9<br \/>\n<strong>Fr\u00e9d\u00e9ric Mitterrand<\/strong>, ministre de la culture et de la communication<br \/>\n<strong>Roselyne Bachelot<\/strong>, ministre des solidarit\u00e9s et de la coh\u00e9sion sociale<\/p>\n","protected":false},"excerpt":{"rendered":"<p>Le Premier ministre ? Le ministre de la d\u00e9fense ? Des affaires \u00e9trang\u00e8res ? Des finances ? De la sant\u00e9 ?<\/p>\n","protected":false},"author":1,"featured_media":1267,"comment_status":"open","ping_status":"open","sticky":false,"template":"","format":"standard","meta":{"footnotes":""},"categories":[612,92],"tags":[164,165,166,768,167,769,168],"class_list":["post-1266","post","type-post","status-publish","format-standard","has-post-thumbnail","hentry","category-people","category-politique","tag-alain-juppe","tag-christine-lagarde","tag-francois-fillon","tag-frederic-mitterrand","tag-michele-alliot-marie","tag-roselyne-bachelot","tag-xavier-bertrand","has-thumbnail"],"_links":{"self":[{"href":"https:\/\/acoeurparcoeur.com\/index.php?rest_route=\/wp\/v2\/posts\/1266","targetHints":{"allow":["GET"]}}],"collection":[{"href":"https:\/\/acoeurparcoeur.com\/index.php?rest_route=\/wp\/v2\/posts"}],"about":[{"href":"https:\/\/acoeurparcoeur.com\/index.php?rest_route=\/wp\/v2\/types\/post"}],"author":[{"embeddable":true,"href":"https:\/\/acoeurparcoeur.com\/index.php?rest_route=\/wp\/v2\/users\/1"}],"replies":[{"embeddable":true,"href":"https:\/\/acoeurparcoeur.com\/index.php?rest_route=%2Fwp%2Fv2%2Fcomments&post=1266"}],"version-history":[{"count":0,"href":"https:\/\/acoeurparcoeur.com\/index.php?rest_route=\/wp\/v2\/posts\/1266\/revisions"}],"wp:featuredmedia":[{"embeddable":true,"href":"https:\/\/acoeurparcoeur.com\/index.php?rest_route=\/wp\/v2\/media\/1267"}],"wp:attachment":[{"href":"https:\/\/acoeurparcoeur.com\/index.php?rest_route=%2Fwp%2Fv2%2Fmedia&parent=1266"}],"wp:term":[{"taxonomy":"category","embeddable":true,"href":"https:\/\/acoeurparcoeur.com\/index.php?rest_route=%2Fwp%2Fv2%2Fcategories&post=1266"},{"taxonomy":"post_tag","embeddable":true,"href":"https:\/\/acoeurparcoeur.com\/index.php?rest_route=%2Fwp%2Fv2%2Ftags&post=1266"}],"curies":[{"name":"wp","href":"https:\/\/api.w.org\/{rel}","templated":true}]}}