{"id":118,"date":"2010-11-06T18:43:50","date_gmt":"2010-11-06T18:43:50","guid":{"rendered":"http:\/\/acoeurparcoeur.com\/?p=118"},"modified":"2010-11-06T18:43:50","modified_gmt":"2010-11-06T18:43:50","slug":"le-radeau-de-la-meduse","status":"publish","type":"post","link":"https:\/\/acoeurparcoeur.com\/?p=118","title":{"rendered":"Le Radeau de la M\u00e9duse ?"},"content":{"rendered":"<p>Qui ? <strong>Th\u00e9odore G\u00e9ricault<\/strong>.<br \/>\nQuand ? <strong>1819<\/strong>.<br \/>\nO\u00f9 ? <strong>Mus\u00e9e du Louvre, Paris<\/strong>.<\/p>\n","protected":false},"excerpt":{"rendered":"<p>Le peintre ? Le si\u00e8cle ? Le mus\u00e9e ?<\/p>\n","protected":false},"author":1,"featured_media":119,"comment_status":"open","ping_status":"open","sticky":false,"template":"","format":"standard","meta":{"footnotes":""},"categories":[60],"tags":[56,57,58,59,53,20],"class_list":["post-118","post","type-post","status-publish","format-standard","has-post-thumbnail","hentry","category-peinture","tag-56","tag-gericault","tag-le-radeau-de-la-meduse","tag-musee-du-louvre","tag-paris","tag-xixe-siecle","has-thumbnail"],"_links":{"self":[{"href":"https:\/\/acoeurparcoeur.com\/index.php?rest_route=\/wp\/v2\/posts\/118","targetHints":{"allow":["GET"]}}],"collection":[{"href":"https:\/\/acoeurparcoeur.com\/index.php?rest_route=\/wp\/v2\/posts"}],"about":[{"href":"https:\/\/acoeurparcoeur.com\/index.php?rest_route=\/wp\/v2\/types\/post"}],"author":[{"embeddable":true,"href":"https:\/\/acoeurparcoeur.com\/index.php?rest_route=\/wp\/v2\/users\/1"}],"replies":[{"embeddable":true,"href":"https:\/\/acoeurparcoeur.com\/index.php?rest_route=%2Fwp%2Fv2%2Fcomments&post=118"}],"version-history":[{"count":0,"href":"https:\/\/acoeurparcoeur.com\/index.php?rest_route=\/wp\/v2\/posts\/118\/revisions"}],"wp:featuredmedia":[{"embeddable":true,"href":"https:\/\/acoeurparcoeur.com\/index.php?rest_route=\/wp\/v2\/media\/119"}],"wp:attachment":[{"href":"https:\/\/acoeurparcoeur.com\/index.php?rest_route=%2Fwp%2Fv2%2Fmedia&parent=118"}],"wp:term":[{"taxonomy":"category","embeddable":true,"href":"https:\/\/acoeurparcoeur.com\/index.php?rest_route=%2Fwp%2Fv2%2Fcategories&post=118"},{"taxonomy":"post_tag","embeddable":true,"href":"https:\/\/acoeurparcoeur.com\/index.php?rest_route=%2Fwp%2Fv2%2Ftags&post=118"}],"curies":[{"name":"wp","href":"https:\/\/api.w.org\/{rel}","templated":true}]}}