{"id":1085,"date":"2011-01-17T15:41:59","date_gmt":"2011-01-17T15:41:59","guid":{"rendered":"http:\/\/acoeurparcoeur.com\/?p=1085"},"modified":"2011-01-17T15:41:59","modified_gmt":"2011-01-17T15:41:59","slug":"petite-histoire-de-la-tunisie","status":"publish","type":"post","link":"https:\/\/acoeurparcoeur.com\/?p=1085","title":{"rendered":"Petite histoire de la Tunisie ?"},"content":{"rendered":"<p><em>Avant J.-C. ?<\/em> Berceau de la civilisation <strong>carthaginoise<\/strong> qui atteignit son apog\u00e9e au IIIe si\u00e8cle av. J.-C., puis grenier \u00e0 bl\u00e9 de l&rsquo;Empire romain.<\/p>\n<p><em>Un protectorat fran\u00e7ais ?<\/em> le 12 mai <strong>1881<\/strong> avec la signature du trait\u00e9 du Bardo.<\/p>\n<p><em>Une ind\u00e9pendance ?<\/em> le 20 mars <strong>1956<\/strong>, monarchie constitutionnelle ayant pour souverain Lamine Bey dix-neuvi\u00e8me et dernier repr\u00e9sentant de la dynastie des Husseinites.<\/p>\n<p><em>Une r\u00e9publique ?<\/em> le 25 juillet <strong>1957<\/strong>, avec deux premiers pr\u00e9sidents: Habib Bourguiba, Zine el-Abidine Ben Ali.<\/p>\n<p><em>Une crise ?<\/em> La crise de Bizerte, durant l&rsquo;\u00e9t\u00e9 <strong>1961<\/strong>: conflit diplomatique et militaire opposant la Tunisie \u00e0 la France quant au sort de la base navale militaire fran\u00e7aise.<\/p>\n<p><em>Une r\u00e9volution ?<\/em> La r\u00e9volution de <strong>jasmin<\/strong> (d\u00e9cembre 2010-janvier 2011).<\/p>\n","protected":false},"excerpt":{"rendered":"<p>Une civilisation ? Un protectorat ? Une ind\u00e9pendance ? Une r\u00e9publique ? Une r\u00e9volution ?<\/p>\n","protected":false},"author":1,"featured_media":1086,"comment_status":"open","ping_status":"open","sticky":false,"template":"","format":"standard","meta":{"footnotes":""},"categories":[63,24,19],"tags":[139,712,713,714,715,716,717,718,719],"class_list":["post-1085","post","type-post","status-publish","format-standard","has-post-thumbnail","hentry","category-actualite","category-histoire","category-selection","tag-139","tag-712","tag-713","tag-714","tag-ben-ali","tag-bizerte","tag-bourguiba","tag-civilisation-carthaginoise","tag-empire-romain","has-thumbnail"],"_links":{"self":[{"href":"https:\/\/acoeurparcoeur.com\/index.php?rest_route=\/wp\/v2\/posts\/1085","targetHints":{"allow":["GET"]}}],"collection":[{"href":"https:\/\/acoeurparcoeur.com\/index.php?rest_route=\/wp\/v2\/posts"}],"about":[{"href":"https:\/\/acoeurparcoeur.com\/index.php?rest_route=\/wp\/v2\/types\/post"}],"author":[{"embeddable":true,"href":"https:\/\/acoeurparcoeur.com\/index.php?rest_route=\/wp\/v2\/users\/1"}],"replies":[{"embeddable":true,"href":"https:\/\/acoeurparcoeur.com\/index.php?rest_route=%2Fwp%2Fv2%2Fcomments&post=1085"}],"version-history":[{"count":0,"href":"https:\/\/acoeurparcoeur.com\/index.php?rest_route=\/wp\/v2\/posts\/1085\/revisions"}],"wp:featuredmedia":[{"embeddable":true,"href":"https:\/\/acoeurparcoeur.com\/index.php?rest_route=\/wp\/v2\/media\/1086"}],"wp:attachment":[{"href":"https:\/\/acoeurparcoeur.com\/index.php?rest_route=%2Fwp%2Fv2%2Fmedia&parent=1085"}],"wp:term":[{"taxonomy":"category","embeddable":true,"href":"https:\/\/acoeurparcoeur.com\/index.php?rest_route=%2Fwp%2Fv2%2Fcategories&post=1085"},{"taxonomy":"post_tag","embeddable":true,"href":"https:\/\/acoeurparcoeur.com\/index.php?rest_route=%2Fwp%2Fv2%2Ftags&post=1085"}],"curies":[{"name":"wp","href":"https:\/\/api.w.org\/{rel}","templated":true}]}}